{"id":80,"date":"2021-08-01T11:50:00","date_gmt":"2021-08-01T09:50:00","guid":{"rendered":"https:\/\/www.orviken.se\/?p=80"},"modified":"2022-12-07T11:02:01","modified_gmt":"2022-12-07T10:02:01","slug":"sommarcafe-och-loppis","status":"publish","type":"post","link":"https:\/\/www.orviken.se\/en\/sommarcafe-och-loppis\/","title":{"rendered":"Summer cafe and flea market"},"content":{"rendered":"<figure class=\"wp-block-image size-full\"><img loading=\"lazy\" decoding=\"async\" width=\"2560\" height=\"809\" src=\"https:\/\/www.orviken.se\/wp-content\/uploads\/2021\/06\/Sommarcafe\u0301-scaled.jpg\" alt=\"\" class=\"wp-image-77\" srcset=\"https:\/\/www.orviken.se\/wp-content\/uploads\/2021\/06\/Sommarcafe\u0301-scaled.jpg 2560w, https:\/\/www.orviken.se\/wp-content\/uploads\/2021\/06\/Sommarcafe\u0301-300x95.jpg 300w, https:\/\/www.orviken.se\/wp-content\/uploads\/2021\/06\/Sommarcafe\u0301-1024x323.jpg 1024w, https:\/\/www.orviken.se\/wp-content\/uploads\/2021\/06\/Sommarcafe\u0301-768x243.jpg 768w, https:\/\/www.orviken.se\/wp-content\/uploads\/2021\/06\/Sommarcafe\u0301-1536x485.jpg 1536w, https:\/\/www.orviken.se\/wp-content\/uploads\/2021\/06\/Sommarcafe\u0301-2048x647.jpg 2048w\" sizes=\"auto, (max-width: 2560px) 100vw, 2560px\" \/><\/figure>\n\n\n\n<p>At \u00d6rviken&#039;s summer caf\u00e9 you can buy good food, coffee, ice cream, soft drinks and even more. Paddleboards and board games are lent to visitors free of charge. In addition to that, they also have a flea market where you can find all kinds of fun for cheap prices.<br><br>You will find the caf\u00e9 and flea market on Styrbordsgatan down by the water, in the boat house.<br>Unfortunately, the caf\u00e9 was not open in 2022. <a data-type=\"URL\" data-id=\"https:\/\/www.facebook.com\/orvikensommarcafeochloppis\/\" href=\"https:\/\/www.facebook.com\/orvikensommarcafeochloppis\/\" target=\"_blank\" rel=\"noreferrer noopener\">Their Facebook<\/a> also offers more information.<\/p>\n\n\n\n\n\n<figure class=\"wp-block-image size-full is-style-default\"><img loading=\"lazy\" decoding=\"async\" width=\"1422\" height=\"1422\" src=\"https:\/\/www.orviken.se\/wp-content\/uploads\/2021\/06\/Cafe\u0301-och-loppis.jpg\" alt=\"\" class=\"wp-image-86\" srcset=\"https:\/\/www.orviken.se\/wp-content\/uploads\/2021\/06\/Cafe\u0301-och-loppis.jpg 1422w, https:\/\/www.orviken.se\/wp-content\/uploads\/2021\/06\/Cafe\u0301-och-loppis-300x300.jpg 300w, https:\/\/www.orviken.se\/wp-content\/uploads\/2021\/06\/Cafe\u0301-och-loppis-1024x1024.jpg 1024w, https:\/\/www.orviken.se\/wp-content\/uploads\/2021\/06\/Cafe\u0301-och-loppis-150x150.jpg 150w, https:\/\/www.orviken.se\/wp-content\/uploads\/2021\/06\/Cafe\u0301-och-loppis-768x768.jpg 768w\" sizes=\"auto, (max-width: 1422px) 100vw, 1422px\" \/><figcaption class=\"wp-element-caption\">Photo: Mattias Sj\u00f6stedt<\/figcaption><\/figure>\n\n\n\n<p><\/p>\n\n\n\n<iframe src=\"https:\/\/www.google.com\/maps\/embed?pb=!1m18!1m12!1m3!1d106.69599886044446!2d21.1795752617357!3d64.66734196390561!2m3!1f0!2f0!3f0!3m2!1i1024!2i768!4f13.1!3m3!1m2!1s0x0%3A0x0!2zNjTCsDQwJzAyLjUiTiAyMcKwMTAnNDYuOCJF!5e0!3m2!1ssv!2sse!4v1629143175798!5m2!1ssv!2sse\" width=\"600\" height=\"450\" style=\"border:0;\" allowfullscreen=\"\" loading=\"lazy\"><\/iframe>","protected":false},"excerpt":{"rendered":"<p>Here you can read more about \u00d6rviken&#039;s summer caf\u00e9 and flea market!<\/p>","protected":false},"author":1,"featured_media":82,"comment_status":"closed","ping_status":"open","sticky":false,"template":"","format":"standard","meta":{"inline_featured_image":false,"footnotes":""},"categories":[3],"tags":[],"class_list":["post-80","post","type-post","status-publish","format-standard","has-post-thumbnail","hentry","category-sommar"],"yoast_head":"<!-- This site is optimized with the Yoast SEO plugin v27.4 - https:\/\/yoast.com\/product\/yoast-seo-wordpress\/ -->\n<title>Sommarcaf\u00e9 och loppis - \u00d6rviken<\/title>\n<meta name=\"description\" content=\"\u00d6rviken i Skellefte\u00e5 kommuns officiella webbsida\" \/>\n<meta name=\"robots\" content=\"index, follow, max-snippet:-1, max-image-preview:large, max-video-preview:-1\" \/>\n<link rel=\"canonical\" href=\"https:\/\/www.orviken.se\/en\/sommarcafe-och-loppis\/\" \/>\n<meta property=\"og:locale\" content=\"en_US\" \/>\n<meta property=\"og:type\" content=\"article\" \/>\n<meta property=\"og:title\" content=\"Sommarcaf\u00e9 och loppis - \u00d6rviken\" \/>\n<meta property=\"og:description\" content=\"\u00d6rviken i Skellefte\u00e5 kommuns officiella webbsida\" \/>\n<meta property=\"og:url\" content=\"https:\/\/www.orviken.se\/en\/sommarcafe-och-loppis\/\" \/>\n<meta property=\"og:site_name\" content=\"\u00d6rviken\" \/>\n<meta property=\"article:publisher\" content=\"https:\/\/www.facebook.com\/groups\/orviken\/about\" \/>\n<meta property=\"article:published_time\" content=\"2021-08-01T09:50:00+00:00\" \/>\n<meta property=\"article:modified_time\" content=\"2022-12-07T10:02:01+00:00\" \/>\n<meta property=\"og:image\" content=\"https:\/\/www.orviken.se\/wp-content\/uploads\/2021\/06\/Sommarcafe\u0301-beska\u0308rt-scaled.jpg\" \/>\n\t<meta property=\"og:image:width\" content=\"2560\" \/>\n\t<meta property=\"og:image:height\" content=\"1810\" \/>\n\t<meta property=\"og:image:type\" content=\"image\/jpeg\" \/>\n<meta name=\"author\" content=\"Jonathan Augustin\" \/>\n<meta name=\"twitter:card\" content=\"summary_large_image\" \/>\n<meta name=\"twitter:label1\" content=\"Written by\" \/>\n\t<meta name=\"twitter:data1\" content=\"Jonathan Augustin\" \/>\n\t<meta name=\"twitter:label2\" content=\"Est. reading time\" \/>\n\t<meta name=\"twitter:data2\" content=\"1 minute\" \/>\n<script type=\"application\/ld+json\" class=\"yoast-schema-graph\">{\"@context\":\"https:\\\/\\\/schema.org\",\"@graph\":[{\"@type\":\"Article\",\"@id\":\"https:\\\/\\\/www.orviken.se\\\/sommarcafe-och-loppis\\\/#article\",\"isPartOf\":{\"@id\":\"https:\\\/\\\/www.orviken.se\\\/sommarcafe-och-loppis\\\/\"},\"author\":{\"name\":\"Jonathan Augustin\",\"@id\":\"https:\\\/\\\/www.orviken.se\\\/#\\\/schema\\\/person\\\/aa1d3194c722fad8f7e54244f998ae3e\"},\"headline\":\"Sommarcaf\u00e9 och loppis\",\"datePublished\":\"2021-08-01T09:50:00+00:00\",\"dateModified\":\"2022-12-07T10:02:01+00:00\",\"mainEntityOfPage\":{\"@id\":\"https:\\\/\\\/www.orviken.se\\\/sommarcafe-och-loppis\\\/\"},\"wordCount\":85,\"publisher\":{\"@id\":\"https:\\\/\\\/www.orviken.se\\\/#organization\"},\"image\":{\"@id\":\"https:\\\/\\\/www.orviken.se\\\/sommarcafe-och-loppis\\\/#primaryimage\"},\"thumbnailUrl\":\"https:\\\/\\\/www.orviken.se\\\/wp-content\\\/uploads\\\/2021\\\/06\\\/Sommarcafe\u0301-beska\u0308rt-scaled.jpg\",\"articleSection\":[\"V\u00e5r - Sommar - H\u00f6st\"],\"inLanguage\":\"en-US\"},{\"@type\":\"WebPage\",\"@id\":\"https:\\\/\\\/www.orviken.se\\\/sommarcafe-och-loppis\\\/\",\"url\":\"https:\\\/\\\/www.orviken.se\\\/sommarcafe-och-loppis\\\/\",\"name\":\"Sommarcaf\u00e9 och loppis - \u00d6rviken\",\"isPartOf\":{\"@id\":\"https:\\\/\\\/www.orviken.se\\\/#website\"},\"primaryImageOfPage\":{\"@id\":\"https:\\\/\\\/www.orviken.se\\\/sommarcafe-och-loppis\\\/#primaryimage\"},\"image\":{\"@id\":\"https:\\\/\\\/www.orviken.se\\\/sommarcafe-och-loppis\\\/#primaryimage\"},\"thumbnailUrl\":\"https:\\\/\\\/www.orviken.se\\\/wp-content\\\/uploads\\\/2021\\\/06\\\/Sommarcafe\u0301-beska\u0308rt-scaled.jpg\",\"datePublished\":\"2021-08-01T09:50:00+00:00\",\"dateModified\":\"2022-12-07T10:02:01+00:00\",\"description\":\"\u00d6rviken i Skellefte\u00e5 kommuns officiella webbsida\",\"breadcrumb\":{\"@id\":\"https:\\\/\\\/www.orviken.se\\\/sommarcafe-och-loppis\\\/#breadcrumb\"},\"inLanguage\":\"en-US\",\"potentialAction\":[{\"@type\":\"ReadAction\",\"target\":[\"https:\\\/\\\/www.orviken.se\\\/sommarcafe-och-loppis\\\/\"]}]},{\"@type\":\"ImageObject\",\"inLanguage\":\"en-US\",\"@id\":\"https:\\\/\\\/www.orviken.se\\\/sommarcafe-och-loppis\\\/#primaryimage\",\"url\":\"https:\\\/\\\/www.orviken.se\\\/wp-content\\\/uploads\\\/2021\\\/06\\\/Sommarcafe\u0301-beska\u0308rt-scaled.jpg\",\"contentUrl\":\"https:\\\/\\\/www.orviken.se\\\/wp-content\\\/uploads\\\/2021\\\/06\\\/Sommarcafe\u0301-beska\u0308rt-scaled.jpg\",\"width\":2560,\"height\":1810},{\"@type\":\"BreadcrumbList\",\"@id\":\"https:\\\/\\\/www.orviken.se\\\/sommarcafe-och-loppis\\\/#breadcrumb\",\"itemListElement\":[{\"@type\":\"ListItem\",\"position\":1,\"name\":\"Hem\",\"item\":\"https:\\\/\\\/www.orviken.se\\\/\"},{\"@type\":\"ListItem\",\"position\":2,\"name\":\"Sommarcaf\u00e9 och loppis\"}]},{\"@type\":\"WebSite\",\"@id\":\"https:\\\/\\\/www.orviken.se\\\/#website\",\"url\":\"https:\\\/\\\/www.orviken.se\\\/\",\"name\":\"\u00d6rviken\",\"description\":\"Kustens p\u00e4rla\",\"publisher\":{\"@id\":\"https:\\\/\\\/www.orviken.se\\\/#organization\"},\"potentialAction\":[{\"@type\":\"SearchAction\",\"target\":{\"@type\":\"EntryPoint\",\"urlTemplate\":\"https:\\\/\\\/www.orviken.se\\\/?s={search_term_string}\"},\"query-input\":{\"@type\":\"PropertyValueSpecification\",\"valueRequired\":true,\"valueName\":\"search_term_string\"}}],\"inLanguage\":\"en-US\"},{\"@type\":\"Organization\",\"@id\":\"https:\\\/\\\/www.orviken.se\\\/#organization\",\"name\":\"\u00d6rvikens Byaf\u00f6rening\",\"url\":\"https:\\\/\\\/www.orviken.se\\\/\",\"logo\":{\"@type\":\"ImageObject\",\"inLanguage\":\"en-US\",\"@id\":\"https:\\\/\\\/www.orviken.se\\\/#\\\/schema\\\/logo\\\/image\\\/\",\"url\":\"https:\\\/\\\/i2.wp.com\\\/www.orviken.se\\\/wp-content\\\/uploads\\\/2021\\\/06\\\/O\u0308rviken-logga.jpg?fit=196%2C200&ssl=1\",\"contentUrl\":\"https:\\\/\\\/i2.wp.com\\\/www.orviken.se\\\/wp-content\\\/uploads\\\/2021\\\/06\\\/O\u0308rviken-logga.jpg?fit=196%2C200&ssl=1\",\"width\":196,\"height\":200,\"caption\":\"\u00d6rvikens Byaf\u00f6rening\"},\"image\":{\"@id\":\"https:\\\/\\\/www.orviken.se\\\/#\\\/schema\\\/logo\\\/image\\\/\"},\"sameAs\":[\"https:\\\/\\\/www.facebook.com\\\/groups\\\/orviken\\\/about\"]},{\"@type\":\"Person\",\"@id\":\"https:\\\/\\\/www.orviken.se\\\/#\\\/schema\\\/person\\\/aa1d3194c722fad8f7e54244f998ae3e\",\"name\":\"Jonathan Augustin\",\"sameAs\":[\"https:\\\/\\\/www.orviken.se\"],\"url\":\"https:\\\/\\\/www.orviken.se\\\/en\\\/author\\\/jonathan-augustin\\\/\"}]}<\/script>\n<!-- \/ Yoast SEO plugin. -->","yoast_head_json":{"title":"Summer caf\u00e9 and flea market - \u00d6rviken","description":"\u00d6rviken in Skellefte\u00e5 Municipality&#039;s official website","robots":{"index":"index","follow":"follow","max-snippet":"max-snippet:-1","max-image-preview":"max-image-preview:large","max-video-preview":"max-video-preview:-1"},"canonical":"https:\/\/www.orviken.se\/en\/sommarcafe-och-loppis\/","og_locale":"en_US","og_type":"article","og_title":"Sommarcaf\u00e9 och loppis - \u00d6rviken","og_description":"\u00d6rviken i Skellefte\u00e5 kommuns officiella webbsida","og_url":"https:\/\/www.orviken.se\/en\/sommarcafe-och-loppis\/","og_site_name":"\u00d6rviken","article_publisher":"https:\/\/www.facebook.com\/groups\/orviken\/about","article_published_time":"2021-08-01T09:50:00+00:00","article_modified_time":"2022-12-07T10:02:01+00:00","og_image":[{"width":2560,"height":1810,"url":"https:\/\/www.orviken.se\/wp-content\/uploads\/2021\/06\/Sommarcafe\u0301-beska\u0308rt-scaled.jpg","type":"image\/jpeg"}],"author":"Jonathan Augustin","twitter_card":"summary_large_image","twitter_misc":{"Written by":"Jonathan Augustin","Est. reading time":"1 minute"},"schema":{"@context":"https:\/\/schema.org","@graph":[{"@type":"Article","@id":"https:\/\/www.orviken.se\/sommarcafe-och-loppis\/#article","isPartOf":{"@id":"https:\/\/www.orviken.se\/sommarcafe-och-loppis\/"},"author":{"name":"Jonathan Augustin","@id":"https:\/\/www.orviken.se\/#\/schema\/person\/aa1d3194c722fad8f7e54244f998ae3e"},"headline":"Sommarcaf\u00e9 och loppis","datePublished":"2021-08-01T09:50:00+00:00","dateModified":"2022-12-07T10:02:01+00:00","mainEntityOfPage":{"@id":"https:\/\/www.orviken.se\/sommarcafe-och-loppis\/"},"wordCount":85,"publisher":{"@id":"https:\/\/www.orviken.se\/#organization"},"image":{"@id":"https:\/\/www.orviken.se\/sommarcafe-och-loppis\/#primaryimage"},"thumbnailUrl":"https:\/\/www.orviken.se\/wp-content\/uploads\/2021\/06\/Sommarcafe\u0301-beska\u0308rt-scaled.jpg","articleSection":["V\u00e5r - Sommar - H\u00f6st"],"inLanguage":"en-US"},{"@type":"WebPage","@id":"https:\/\/www.orviken.se\/sommarcafe-och-loppis\/","url":"https:\/\/www.orviken.se\/sommarcafe-och-loppis\/","name":"Summer caf\u00e9 and flea market - \u00d6rviken","isPartOf":{"@id":"https:\/\/www.orviken.se\/#website"},"primaryImageOfPage":{"@id":"https:\/\/www.orviken.se\/sommarcafe-och-loppis\/#primaryimage"},"image":{"@id":"https:\/\/www.orviken.se\/sommarcafe-och-loppis\/#primaryimage"},"thumbnailUrl":"https:\/\/www.orviken.se\/wp-content\/uploads\/2021\/06\/Sommarcafe\u0301-beska\u0308rt-scaled.jpg","datePublished":"2021-08-01T09:50:00+00:00","dateModified":"2022-12-07T10:02:01+00:00","description":"\u00d6rviken in Skellefte\u00e5 Municipality&#039;s official website","breadcrumb":{"@id":"https:\/\/www.orviken.se\/sommarcafe-och-loppis\/#breadcrumb"},"inLanguage":"en-US","potentialAction":[{"@type":"ReadAction","target":["https:\/\/www.orviken.se\/sommarcafe-och-loppis\/"]}]},{"@type":"ImageObject","inLanguage":"en-US","@id":"https:\/\/www.orviken.se\/sommarcafe-och-loppis\/#primaryimage","url":"https:\/\/www.orviken.se\/wp-content\/uploads\/2021\/06\/Sommarcafe\u0301-beska\u0308rt-scaled.jpg","contentUrl":"https:\/\/www.orviken.se\/wp-content\/uploads\/2021\/06\/Sommarcafe\u0301-beska\u0308rt-scaled.jpg","width":2560,"height":1810},{"@type":"BreadcrumbList","@id":"https:\/\/www.orviken.se\/sommarcafe-och-loppis\/#breadcrumb","itemListElement":[{"@type":"ListItem","position":1,"name":"Hem","item":"https:\/\/www.orviken.se\/"},{"@type":"ListItem","position":2,"name":"Sommarcaf\u00e9 och loppis"}]},{"@type":"WebSite","@id":"https:\/\/www.orviken.se\/#website","url":"https:\/\/www.orviken.se\/","name":"\u00d6rviken","description":"The pearl of the coast","publisher":{"@id":"https:\/\/www.orviken.se\/#organization"},"potentialAction":[{"@type":"SearchAction","target":{"@type":"EntryPoint","urlTemplate":"https:\/\/www.orviken.se\/?s={search_term_string}"},"query-input":{"@type":"PropertyValueSpecification","valueRequired":true,"valueName":"search_term_string"}}],"inLanguage":"en-US"},{"@type":"Organization","@id":"https:\/\/www.orviken.se\/#organization","name":"\u00d6rviken Village Association","url":"https:\/\/www.orviken.se\/","logo":{"@type":"ImageObject","inLanguage":"en-US","@id":"https:\/\/www.orviken.se\/#\/schema\/logo\/image\/","url":"https:\/\/i2.wp.com\/www.orviken.se\/wp-content\/uploads\/2021\/06\/O\u0308rviken-logga.jpg?fit=196%2C200&ssl=1","contentUrl":"https:\/\/i2.wp.com\/www.orviken.se\/wp-content\/uploads\/2021\/06\/O\u0308rviken-logga.jpg?fit=196%2C200&ssl=1","width":196,"height":200,"caption":"\u00d6rvikens Byaf\u00f6rening"},"image":{"@id":"https:\/\/www.orviken.se\/#\/schema\/logo\/image\/"},"sameAs":["https:\/\/www.facebook.com\/groups\/orviken\/about"]},{"@type":"Person","@id":"https:\/\/www.orviken.se\/#\/schema\/person\/aa1d3194c722fad8f7e54244f998ae3e","name":"Jonathan Augustine","sameAs":["https:\/\/www.orviken.se"],"url":"https:\/\/www.orviken.se\/en\/author\/jonathan-augustin\/"}]}},"_links":{"self":[{"href":"https:\/\/www.orviken.se\/en\/wp-json\/wp\/v2\/posts\/80","targetHints":{"allow":["GET"]}}],"collection":[{"href":"https:\/\/www.orviken.se\/en\/wp-json\/wp\/v2\/posts"}],"about":[{"href":"https:\/\/www.orviken.se\/en\/wp-json\/wp\/v2\/types\/post"}],"author":[{"embeddable":true,"href":"https:\/\/www.orviken.se\/en\/wp-json\/wp\/v2\/users\/1"}],"replies":[{"embeddable":true,"href":"https:\/\/www.orviken.se\/en\/wp-json\/wp\/v2\/comments?post=80"}],"version-history":[{"count":16,"href":"https:\/\/www.orviken.se\/en\/wp-json\/wp\/v2\/posts\/80\/revisions"}],"predecessor-version":[{"id":1739,"href":"https:\/\/www.orviken.se\/en\/wp-json\/wp\/v2\/posts\/80\/revisions\/1739"}],"wp:featuredmedia":[{"embeddable":true,"href":"https:\/\/www.orviken.se\/en\/wp-json\/wp\/v2\/media\/82"}],"wp:attachment":[{"href":"https:\/\/www.orviken.se\/en\/wp-json\/wp\/v2\/media?parent=80"}],"wp:term":[{"taxonomy":"category","embeddable":true,"href":"https:\/\/www.orviken.se\/en\/wp-json\/wp\/v2\/categories?post=80"},{"taxonomy":"post_tag","embeddable":true,"href":"https:\/\/www.orviken.se\/en\/wp-json\/wp\/v2\/tags?post=80"}],"curies":[{"name":"wp","href":"https:\/\/api.w.org\/{rel}","templated":true}]}}