{"id":1940,"date":"2023-10-26T14:20:45","date_gmt":"2023-10-26T12:20:45","guid":{"rendered":"https:\/\/www.orviken.se\/?p=1940"},"modified":"2023-10-26T14:25:12","modified_gmt":"2023-10-26T12:25:12","slug":"spokstigen-27-10-23","status":"publish","type":"post","link":"https:\/\/www.orviken.se\/en\/spokstigen-27-10-23\/","title":{"rendered":"Ghost trail 27\/10-23"},"content":{"rendered":"<p>After a year's break, it's finally time for the ghost trail in \u00d6rviken again! Friday, October 27 18:00 \u2013 20:30 you will once again be able to partake in this spooky Halloween activity.<br><br>This year, 8A at \u00d6rjansskolan is organizing. So prepare to get seriously scared! From <a href=\"https:\/\/www.orviken.se\/en\/lekparken\/\">the playground<\/a> to <a href=\"https:\/\/www.orviken.se\/en\/vithatta-pulkabacken\/\">Vithatta<\/a> even the smallest children can attend.<br><br>Make sure you arrive hungry, as there will be hamburgers and coffee to purchase. All revenue will go to 8A's class fund.<\/p>\n\n\n\n<figure class=\"wp-block-image size-full\"><img loading=\"lazy\" decoding=\"async\" width=\"2048\" height=\"946\" src=\"https:\/\/www.orviken.se\/wp-content\/uploads\/2023\/10\/Spokstigen-2023.jpeg\" alt=\"\" class=\"wp-image-1941\" srcset=\"https:\/\/www.orviken.se\/wp-content\/uploads\/2023\/10\/Spokstigen-2023.jpeg 2048w, https:\/\/www.orviken.se\/wp-content\/uploads\/2023\/10\/Spokstigen-2023-300x139.jpeg 300w, https:\/\/www.orviken.se\/wp-content\/uploads\/2023\/10\/Spokstigen-2023-1024x473.jpeg 1024w, https:\/\/www.orviken.se\/wp-content\/uploads\/2023\/10\/Spokstigen-2023-768x355.jpeg 768w, https:\/\/www.orviken.se\/wp-content\/uploads\/2023\/10\/Spokstigen-2023-1536x710.jpeg 1536w, https:\/\/www.orviken.se\/wp-content\/uploads\/2023\/10\/Spokstigen-2023-18x8.jpeg 18w\" sizes=\"auto, (max-width: 2048px) 100vw, 2048px\" \/><\/figure>","protected":false},"excerpt":{"rendered":"<p>After a year&#039;s break, it&#039;s finally time for the ghost trail in \u00d6rviken again!<\/p>","protected":false},"author":1,"featured_media":1941,"comment_status":"closed","ping_status":"open","sticky":false,"template":"","format":"standard","meta":{"inline_featured_image":false,"footnotes":""},"categories":[6],"tags":[],"class_list":["post-1940","post","type-post","status-publish","format-standard","has-post-thumbnail","hentry","category-aktuellt"],"yoast_head":"<!-- This site is optimized with the Yoast SEO plugin v27.4 - https:\/\/yoast.com\/product\/yoast-seo-wordpress\/ -->\n<title>Sp\u00f6kstigen 27\/10-23 - \u00d6rviken<\/title>\n<meta name=\"description\" content=\"\u00d6rviken i Skellefte\u00e5 kommuns officiella webbsida - Efter ett \u00e5rs paus \u00e4r det \u00e4ntligen dags f\u00f6r sp\u00f6kstigen i \u00d6rviken igen\" \/>\n<meta name=\"robots\" content=\"index, follow, max-snippet:-1, max-image-preview:large, max-video-preview:-1\" \/>\n<link rel=\"canonical\" href=\"https:\/\/www.orviken.se\/en\/spokstigen-27-10-23\/\" \/>\n<meta property=\"og:locale\" content=\"en_US\" \/>\n<meta property=\"og:type\" content=\"article\" \/>\n<meta property=\"og:title\" content=\"Sp\u00f6kstigen 27\/10-23 - \u00d6rviken\" \/>\n<meta property=\"og:description\" content=\"\u00d6rviken i Skellefte\u00e5 kommuns officiella webbsida - Efter ett \u00e5rs paus \u00e4r det \u00e4ntligen dags f\u00f6r sp\u00f6kstigen i \u00d6rviken igen\" \/>\n<meta property=\"og:url\" content=\"https:\/\/www.orviken.se\/en\/spokstigen-27-10-23\/\" \/>\n<meta property=\"og:site_name\" content=\"\u00d6rviken\" \/>\n<meta property=\"article:publisher\" content=\"https:\/\/www.facebook.com\/groups\/orviken\/about\" \/>\n<meta property=\"article:published_time\" content=\"2023-10-26T12:20:45+00:00\" \/>\n<meta property=\"article:modified_time\" content=\"2023-10-26T12:25:12+00:00\" \/>\n<meta property=\"og:image\" content=\"https:\/\/www.orviken.se\/wp-content\/uploads\/2023\/10\/Spokstigen-2023.jpeg\" \/>\n\t<meta property=\"og:image:width\" content=\"2048\" \/>\n\t<meta property=\"og:image:height\" content=\"946\" \/>\n\t<meta property=\"og:image:type\" content=\"image\/jpeg\" \/>\n<meta name=\"author\" content=\"Jonathan Augustin\" \/>\n<meta name=\"twitter:card\" content=\"summary_large_image\" \/>\n<meta name=\"twitter:label1\" content=\"Written by\" \/>\n\t<meta name=\"twitter:data1\" content=\"Jonathan Augustin\" \/>\n\t<meta name=\"twitter:label2\" content=\"Est. reading time\" \/>\n\t<meta name=\"twitter:data2\" content=\"1 minute\" \/>\n<script type=\"application\/ld+json\" class=\"yoast-schema-graph\">{\"@context\":\"https:\\\/\\\/schema.org\",\"@graph\":[{\"@type\":\"Article\",\"@id\":\"https:\\\/\\\/www.orviken.se\\\/spokstigen-27-10-23\\\/#article\",\"isPartOf\":{\"@id\":\"https:\\\/\\\/www.orviken.se\\\/spokstigen-27-10-23\\\/\"},\"author\":{\"name\":\"Jonathan Augustin\",\"@id\":\"https:\\\/\\\/www.orviken.se\\\/#\\\/schema\\\/person\\\/aa1d3194c722fad8f7e54244f998ae3e\"},\"headline\":\"Sp\u00f6kstigen 27\\\/10-23\",\"datePublished\":\"2023-10-26T12:20:45+00:00\",\"dateModified\":\"2023-10-26T12:25:12+00:00\",\"mainEntityOfPage\":{\"@id\":\"https:\\\/\\\/www.orviken.se\\\/spokstigen-27-10-23\\\/\"},\"wordCount\":99,\"publisher\":{\"@id\":\"https:\\\/\\\/www.orviken.se\\\/#organization\"},\"image\":{\"@id\":\"https:\\\/\\\/www.orviken.se\\\/spokstigen-27-10-23\\\/#primaryimage\"},\"thumbnailUrl\":\"https:\\\/\\\/www.orviken.se\\\/wp-content\\\/uploads\\\/2023\\\/10\\\/Spokstigen-2023.jpeg\",\"articleSection\":[\"Aktuellt\"],\"inLanguage\":\"en-US\"},{\"@type\":\"WebPage\",\"@id\":\"https:\\\/\\\/www.orviken.se\\\/spokstigen-27-10-23\\\/\",\"url\":\"https:\\\/\\\/www.orviken.se\\\/spokstigen-27-10-23\\\/\",\"name\":\"Sp\u00f6kstigen 27\\\/10-23 - \u00d6rviken\",\"isPartOf\":{\"@id\":\"https:\\\/\\\/www.orviken.se\\\/#website\"},\"primaryImageOfPage\":{\"@id\":\"https:\\\/\\\/www.orviken.se\\\/spokstigen-27-10-23\\\/#primaryimage\"},\"image\":{\"@id\":\"https:\\\/\\\/www.orviken.se\\\/spokstigen-27-10-23\\\/#primaryimage\"},\"thumbnailUrl\":\"https:\\\/\\\/www.orviken.se\\\/wp-content\\\/uploads\\\/2023\\\/10\\\/Spokstigen-2023.jpeg\",\"datePublished\":\"2023-10-26T12:20:45+00:00\",\"dateModified\":\"2023-10-26T12:25:12+00:00\",\"description\":\"\u00d6rviken i Skellefte\u00e5 kommuns officiella webbsida - Efter ett \u00e5rs paus \u00e4r det \u00e4ntligen dags f\u00f6r sp\u00f6kstigen i \u00d6rviken igen\",\"breadcrumb\":{\"@id\":\"https:\\\/\\\/www.orviken.se\\\/spokstigen-27-10-23\\\/#breadcrumb\"},\"inLanguage\":\"en-US\",\"potentialAction\":[{\"@type\":\"ReadAction\",\"target\":[\"https:\\\/\\\/www.orviken.se\\\/spokstigen-27-10-23\\\/\"]}]},{\"@type\":\"ImageObject\",\"inLanguage\":\"en-US\",\"@id\":\"https:\\\/\\\/www.orviken.se\\\/spokstigen-27-10-23\\\/#primaryimage\",\"url\":\"https:\\\/\\\/www.orviken.se\\\/wp-content\\\/uploads\\\/2023\\\/10\\\/Spokstigen-2023.jpeg\",\"contentUrl\":\"https:\\\/\\\/www.orviken.se\\\/wp-content\\\/uploads\\\/2023\\\/10\\\/Spokstigen-2023.jpeg\",\"width\":2048,\"height\":946},{\"@type\":\"BreadcrumbList\",\"@id\":\"https:\\\/\\\/www.orviken.se\\\/spokstigen-27-10-23\\\/#breadcrumb\",\"itemListElement\":[{\"@type\":\"ListItem\",\"position\":1,\"name\":\"Hem\",\"item\":\"https:\\\/\\\/www.orviken.se\\\/\"},{\"@type\":\"ListItem\",\"position\":2,\"name\":\"Sp\u00f6kstigen 27\\\/10-23\"}]},{\"@type\":\"WebSite\",\"@id\":\"https:\\\/\\\/www.orviken.se\\\/#website\",\"url\":\"https:\\\/\\\/www.orviken.se\\\/\",\"name\":\"\u00d6rviken\",\"description\":\"Kustens p\u00e4rla\",\"publisher\":{\"@id\":\"https:\\\/\\\/www.orviken.se\\\/#organization\"},\"potentialAction\":[{\"@type\":\"SearchAction\",\"target\":{\"@type\":\"EntryPoint\",\"urlTemplate\":\"https:\\\/\\\/www.orviken.se\\\/?s={search_term_string}\"},\"query-input\":{\"@type\":\"PropertyValueSpecification\",\"valueRequired\":true,\"valueName\":\"search_term_string\"}}],\"inLanguage\":\"en-US\"},{\"@type\":\"Organization\",\"@id\":\"https:\\\/\\\/www.orviken.se\\\/#organization\",\"name\":\"\u00d6rvikens Byaf\u00f6rening\",\"url\":\"https:\\\/\\\/www.orviken.se\\\/\",\"logo\":{\"@type\":\"ImageObject\",\"inLanguage\":\"en-US\",\"@id\":\"https:\\\/\\\/www.orviken.se\\\/#\\\/schema\\\/logo\\\/image\\\/\",\"url\":\"https:\\\/\\\/i2.wp.com\\\/www.orviken.se\\\/wp-content\\\/uploads\\\/2021\\\/06\\\/O\u0308rviken-logga.jpg?fit=196%2C200&ssl=1\",\"contentUrl\":\"https:\\\/\\\/i2.wp.com\\\/www.orviken.se\\\/wp-content\\\/uploads\\\/2021\\\/06\\\/O\u0308rviken-logga.jpg?fit=196%2C200&ssl=1\",\"width\":196,\"height\":200,\"caption\":\"\u00d6rvikens Byaf\u00f6rening\"},\"image\":{\"@id\":\"https:\\\/\\\/www.orviken.se\\\/#\\\/schema\\\/logo\\\/image\\\/\"},\"sameAs\":[\"https:\\\/\\\/www.facebook.com\\\/groups\\\/orviken\\\/about\"]},{\"@type\":\"Person\",\"@id\":\"https:\\\/\\\/www.orviken.se\\\/#\\\/schema\\\/person\\\/aa1d3194c722fad8f7e54244f998ae3e\",\"name\":\"Jonathan Augustin\",\"sameAs\":[\"https:\\\/\\\/www.orviken.se\"],\"url\":\"https:\\\/\\\/www.orviken.se\\\/en\\\/author\\\/jonathan-augustin\\\/\"}]}<\/script>\n<!-- \/ Yoast SEO plugin. -->","yoast_head_json":{"title":"Ghost Trail 27\/10-23 - \u00d6rviken","description":"\u00d6rviken in Skellefte\u00e5 Municipality&#039;s official website - After a year&#039;s break, it&#039;s finally time for the ghost trail in \u00d6rviken again","robots":{"index":"index","follow":"follow","max-snippet":"max-snippet:-1","max-image-preview":"max-image-preview:large","max-video-preview":"max-video-preview:-1"},"canonical":"https:\/\/www.orviken.se\/en\/spokstigen-27-10-23\/","og_locale":"en_US","og_type":"article","og_title":"Sp\u00f6kstigen 27\/10-23 - \u00d6rviken","og_description":"\u00d6rviken i Skellefte\u00e5 kommuns officiella webbsida - Efter ett \u00e5rs paus \u00e4r det \u00e4ntligen dags f\u00f6r sp\u00f6kstigen i \u00d6rviken igen","og_url":"https:\/\/www.orviken.se\/en\/spokstigen-27-10-23\/","og_site_name":"\u00d6rviken","article_publisher":"https:\/\/www.facebook.com\/groups\/orviken\/about","article_published_time":"2023-10-26T12:20:45+00:00","article_modified_time":"2023-10-26T12:25:12+00:00","og_image":[{"width":2048,"height":946,"url":"https:\/\/www.orviken.se\/wp-content\/uploads\/2023\/10\/Spokstigen-2023.jpeg","type":"image\/jpeg"}],"author":"Jonathan Augustin","twitter_card":"summary_large_image","twitter_misc":{"Written by":"Jonathan Augustin","Est. reading time":"1 minute"},"schema":{"@context":"https:\/\/schema.org","@graph":[{"@type":"Article","@id":"https:\/\/www.orviken.se\/spokstigen-27-10-23\/#article","isPartOf":{"@id":"https:\/\/www.orviken.se\/spokstigen-27-10-23\/"},"author":{"name":"Jonathan Augustin","@id":"https:\/\/www.orviken.se\/#\/schema\/person\/aa1d3194c722fad8f7e54244f998ae3e"},"headline":"Sp\u00f6kstigen 27\/10-23","datePublished":"2023-10-26T12:20:45+00:00","dateModified":"2023-10-26T12:25:12+00:00","mainEntityOfPage":{"@id":"https:\/\/www.orviken.se\/spokstigen-27-10-23\/"},"wordCount":99,"publisher":{"@id":"https:\/\/www.orviken.se\/#organization"},"image":{"@id":"https:\/\/www.orviken.se\/spokstigen-27-10-23\/#primaryimage"},"thumbnailUrl":"https:\/\/www.orviken.se\/wp-content\/uploads\/2023\/10\/Spokstigen-2023.jpeg","articleSection":["Aktuellt"],"inLanguage":"en-US"},{"@type":"WebPage","@id":"https:\/\/www.orviken.se\/spokstigen-27-10-23\/","url":"https:\/\/www.orviken.se\/spokstigen-27-10-23\/","name":"Ghost Trail 27\/10-23 - \u00d6rviken","isPartOf":{"@id":"https:\/\/www.orviken.se\/#website"},"primaryImageOfPage":{"@id":"https:\/\/www.orviken.se\/spokstigen-27-10-23\/#primaryimage"},"image":{"@id":"https:\/\/www.orviken.se\/spokstigen-27-10-23\/#primaryimage"},"thumbnailUrl":"https:\/\/www.orviken.se\/wp-content\/uploads\/2023\/10\/Spokstigen-2023.jpeg","datePublished":"2023-10-26T12:20:45+00:00","dateModified":"2023-10-26T12:25:12+00:00","description":"\u00d6rviken in Skellefte\u00e5 Municipality&#039;s official website - After a year&#039;s break, it&#039;s finally time for the ghost trail in \u00d6rviken again","breadcrumb":{"@id":"https:\/\/www.orviken.se\/spokstigen-27-10-23\/#breadcrumb"},"inLanguage":"en-US","potentialAction":[{"@type":"ReadAction","target":["https:\/\/www.orviken.se\/spokstigen-27-10-23\/"]}]},{"@type":"ImageObject","inLanguage":"en-US","@id":"https:\/\/www.orviken.se\/spokstigen-27-10-23\/#primaryimage","url":"https:\/\/www.orviken.se\/wp-content\/uploads\/2023\/10\/Spokstigen-2023.jpeg","contentUrl":"https:\/\/www.orviken.se\/wp-content\/uploads\/2023\/10\/Spokstigen-2023.jpeg","width":2048,"height":946},{"@type":"BreadcrumbList","@id":"https:\/\/www.orviken.se\/spokstigen-27-10-23\/#breadcrumb","itemListElement":[{"@type":"ListItem","position":1,"name":"Hem","item":"https:\/\/www.orviken.se\/"},{"@type":"ListItem","position":2,"name":"Sp\u00f6kstigen 27\/10-23"}]},{"@type":"WebSite","@id":"https:\/\/www.orviken.se\/#website","url":"https:\/\/www.orviken.se\/","name":"\u00d6rviken","description":"The pearl of the coast","publisher":{"@id":"https:\/\/www.orviken.se\/#organization"},"potentialAction":[{"@type":"SearchAction","target":{"@type":"EntryPoint","urlTemplate":"https:\/\/www.orviken.se\/?s={search_term_string}"},"query-input":{"@type":"PropertyValueSpecification","valueRequired":true,"valueName":"search_term_string"}}],"inLanguage":"en-US"},{"@type":"Organization","@id":"https:\/\/www.orviken.se\/#organization","name":"\u00d6rviken Village Association","url":"https:\/\/www.orviken.se\/","logo":{"@type":"ImageObject","inLanguage":"en-US","@id":"https:\/\/www.orviken.se\/#\/schema\/logo\/image\/","url":"https:\/\/i2.wp.com\/www.orviken.se\/wp-content\/uploads\/2021\/06\/O\u0308rviken-logga.jpg?fit=196%2C200&ssl=1","contentUrl":"https:\/\/i2.wp.com\/www.orviken.se\/wp-content\/uploads\/2021\/06\/O\u0308rviken-logga.jpg?fit=196%2C200&ssl=1","width":196,"height":200,"caption":"\u00d6rvikens Byaf\u00f6rening"},"image":{"@id":"https:\/\/www.orviken.se\/#\/schema\/logo\/image\/"},"sameAs":["https:\/\/www.facebook.com\/groups\/orviken\/about"]},{"@type":"Person","@id":"https:\/\/www.orviken.se\/#\/schema\/person\/aa1d3194c722fad8f7e54244f998ae3e","name":"Jonathan Augustine","sameAs":["https:\/\/www.orviken.se"],"url":"https:\/\/www.orviken.se\/en\/author\/jonathan-augustin\/"}]}},"_links":{"self":[{"href":"https:\/\/www.orviken.se\/en\/wp-json\/wp\/v2\/posts\/1940","targetHints":{"allow":["GET"]}}],"collection":[{"href":"https:\/\/www.orviken.se\/en\/wp-json\/wp\/v2\/posts"}],"about":[{"href":"https:\/\/www.orviken.se\/en\/wp-json\/wp\/v2\/types\/post"}],"author":[{"embeddable":true,"href":"https:\/\/www.orviken.se\/en\/wp-json\/wp\/v2\/users\/1"}],"replies":[{"embeddable":true,"href":"https:\/\/www.orviken.se\/en\/wp-json\/wp\/v2\/comments?post=1940"}],"version-history":[{"count":3,"href":"https:\/\/www.orviken.se\/en\/wp-json\/wp\/v2\/posts\/1940\/revisions"}],"predecessor-version":[{"id":1944,"href":"https:\/\/www.orviken.se\/en\/wp-json\/wp\/v2\/posts\/1940\/revisions\/1944"}],"wp:featuredmedia":[{"embeddable":true,"href":"https:\/\/www.orviken.se\/en\/wp-json\/wp\/v2\/media\/1941"}],"wp:attachment":[{"href":"https:\/\/www.orviken.se\/en\/wp-json\/wp\/v2\/media?parent=1940"}],"wp:term":[{"taxonomy":"category","embeddable":true,"href":"https:\/\/www.orviken.se\/en\/wp-json\/wp\/v2\/categories?post=1940"},{"taxonomy":"post_tag","embeddable":true,"href":"https:\/\/www.orviken.se\/en\/wp-json\/wp\/v2\/tags?post=1940"}],"curies":[{"name":"wp","href":"https:\/\/api.w.org\/{rel}","templated":true}]}}