{"id":1779,"date":"2023-04-27T18:09:06","date_gmt":"2023-04-27T16:09:06","guid":{"rendered":"https:\/\/www.orviken.se\/?p=1779"},"modified":"2023-04-27T18:29:35","modified_gmt":"2023-04-27T16:29:35","slug":"garageloppis-27-maj-2023","status":"publish","type":"post","link":"https:\/\/www.orviken.se\/en\/garageloppis-27-maj-2023\/","title":{"rendered":"Garage flea market May 27, 2023"},"content":{"rendered":"<div class=\"wp-block-image\">\n<figure class=\"aligncenter size-full\"><img loading=\"lazy\" decoding=\"async\" width=\"2560\" height=\"1104\" src=\"https:\/\/www.orviken.se\/wp-content\/uploads\/2023\/04\/Skarmavbild-2023-04-27-kl.-17.36.58.png\" alt=\"\" class=\"wp-image-1780\" srcset=\"https:\/\/www.orviken.se\/wp-content\/uploads\/2023\/04\/Skarmavbild-2023-04-27-kl.-17.36.58.png 2560w, https:\/\/www.orviken.se\/wp-content\/uploads\/2023\/04\/Skarmavbild-2023-04-27-kl.-17.36.58-300x129.png 300w, https:\/\/www.orviken.se\/wp-content\/uploads\/2023\/04\/Skarmavbild-2023-04-27-kl.-17.36.58-1024x441.png 1024w, https:\/\/www.orviken.se\/wp-content\/uploads\/2023\/04\/Skarmavbild-2023-04-27-kl.-17.36.58-768x331.png 768w, https:\/\/www.orviken.se\/wp-content\/uploads\/2023\/04\/Skarmavbild-2023-04-27-kl.-17.36.58-1536x662.png 1536w, https:\/\/www.orviken.se\/wp-content\/uploads\/2023\/04\/Skarmavbild-2023-04-27-kl.-17.36.58-2048x883.png 2048w, https:\/\/www.orviken.se\/wp-content\/uploads\/2023\/04\/Skarmavbild-2023-04-27-kl.-17.36.58-18x8.png 18w, https:\/\/www.orviken.se\/wp-content\/uploads\/2023\/04\/Skarmavbild-2023-04-27-kl.-17.36.58-320x138.png 320w, https:\/\/www.orviken.se\/wp-content\/uploads\/2023\/04\/Skarmavbild-2023-04-27-kl.-17.36.58-640x276.png 640w, https:\/\/www.orviken.se\/wp-content\/uploads\/2023\/04\/Skarmavbild-2023-04-27-kl.-17.36.58-360x155.png 360w, https:\/\/www.orviken.se\/wp-content\/uploads\/2023\/04\/Skarmavbild-2023-04-27-kl.-17.36.58-720x310.png 720w, https:\/\/www.orviken.se\/wp-content\/uploads\/2023\/04\/Skarmavbild-2023-04-27-kl.-17.36.58-1080x466.png 1080w, https:\/\/www.orviken.se\/wp-content\/uploads\/2023\/04\/Skarmavbild-2023-04-27-kl.-17.36.58-800x345.png 800w, https:\/\/www.orviken.se\/wp-content\/uploads\/2023\/04\/Skarmavbild-2023-04-27-kl.-17.36.58-1280x552.png 1280w\" sizes=\"auto, (max-width: 2560px) 100vw, 2560px\" \/><\/figure>\n<\/div>\n\n\n<p><\/p>\n\n\n\n<p class=\"has-text-align-center has-black-color has-text-color has-medium-font-size\"><strong>11:00 - 15:00<\/strong><\/p>\n\n\n\n<p class=\"has-text-align-center\">The map can be picked up in \u00d6rvikens <a href=\"https:\/\/www.orviken.se\/en\/folkets-hus\/\">Community House<\/a> from 11:00 where you can see all the addresses of the sellers.<br><br>Coffee\/hamburgers will be sold in the courtyard at The Community House between 12:00 - 15:00<br><\/p>\n\n\n\n<p class=\"has-text-align-center has-medium-font-size\"><strong>Do you want to sell at the flea market?<\/strong><\/p>\n\n\n\n<p class=\"has-text-align-center\"><strong>Sign up<\/strong>: Send SMS to 076 33 66 350 <strong>no later than May 23!<\/strong><br>State if you want to sell at home on your yard (free) or if you want to set up a table in the courtyard at Folkets hus (cost: SEK 100).<br><\/p>\n\n\n\n<figure class=\"wp-block-image size-full\"><img loading=\"lazy\" decoding=\"async\" width=\"2560\" height=\"725\" src=\"https:\/\/www.orviken.se\/wp-content\/uploads\/2023\/04\/Garageloppis-2.png\" alt=\"\" class=\"wp-image-1782\" srcset=\"https:\/\/www.orviken.se\/wp-content\/uploads\/2023\/04\/Garageloppis-2.png 2560w, https:\/\/www.orviken.se\/wp-content\/uploads\/2023\/04\/Garageloppis-2-300x85.png 300w, https:\/\/www.orviken.se\/wp-content\/uploads\/2023\/04\/Garageloppis-2-1024x290.png 1024w, https:\/\/www.orviken.se\/wp-content\/uploads\/2023\/04\/Garageloppis-2-768x217.png 768w, https:\/\/www.orviken.se\/wp-content\/uploads\/2023\/04\/Garageloppis-2-1536x435.png 1536w, https:\/\/www.orviken.se\/wp-content\/uploads\/2023\/04\/Garageloppis-2-2048x580.png 2048w, https:\/\/www.orviken.se\/wp-content\/uploads\/2023\/04\/Garageloppis-2-18x5.png 18w, https:\/\/www.orviken.se\/wp-content\/uploads\/2023\/04\/Garageloppis-2-320x91.png 320w, https:\/\/www.orviken.se\/wp-content\/uploads\/2023\/04\/Garageloppis-2-640x181.png 640w, https:\/\/www.orviken.se\/wp-content\/uploads\/2023\/04\/Garageloppis-2-360x102.png 360w, https:\/\/www.orviken.se\/wp-content\/uploads\/2023\/04\/Garageloppis-2-720x204.png 720w, https:\/\/www.orviken.se\/wp-content\/uploads\/2023\/04\/Garageloppis-2-1080x306.png 1080w, https:\/\/www.orviken.se\/wp-content\/uploads\/2023\/04\/Garageloppis-2-800x226.png 800w, https:\/\/www.orviken.se\/wp-content\/uploads\/2023\/04\/Garageloppis-2-1280x362.png 1280w\" sizes=\"auto, (max-width: 2560px) 100vw, 2560px\" \/><\/figure>","protected":false},"excerpt":{"rendered":"<p>May 27, 2023, there is a garage flea market in \u00d6rviken!<\/p>","protected":false},"author":1,"featured_media":1780,"comment_status":"closed","ping_status":"open","sticky":false,"template":"","format":"standard","meta":{"inline_featured_image":false,"footnotes":""},"categories":[6],"tags":[],"class_list":["post-1779","post","type-post","status-publish","format-standard","has-post-thumbnail","hentry","category-aktuellt"],"yoast_head":"<!-- This site is optimized with the Yoast SEO plugin v27.4 - https:\/\/yoast.com\/product\/yoast-seo-wordpress\/ -->\n<title>Garageloppis 27 maj 2023 - \u00d6rviken<\/title>\n<meta name=\"description\" content=\"\u00d6rviken i Skellefte\u00e5 kommuns officiella webbsida - Den 27 maj 2023 s\u00e5 \u00e4r det en garageloppis i \u00d6rviken klockan 11-15\" \/>\n<meta name=\"robots\" content=\"index, follow, max-snippet:-1, max-image-preview:large, max-video-preview:-1\" \/>\n<link rel=\"canonical\" href=\"https:\/\/www.orviken.se\/en\/garageloppis-27-maj-2023\/\" \/>\n<meta property=\"og:locale\" content=\"en_US\" \/>\n<meta property=\"og:type\" content=\"article\" \/>\n<meta property=\"og:title\" content=\"Garageloppis 27 maj 2023 - \u00d6rviken\" \/>\n<meta property=\"og:description\" content=\"\u00d6rviken i Skellefte\u00e5 kommuns officiella webbsida - Den 27 maj 2023 s\u00e5 \u00e4r det en garageloppis i \u00d6rviken klockan 11-15\" \/>\n<meta property=\"og:url\" content=\"https:\/\/www.orviken.se\/en\/garageloppis-27-maj-2023\/\" \/>\n<meta property=\"og:site_name\" content=\"\u00d6rviken\" \/>\n<meta property=\"article:publisher\" content=\"https:\/\/www.facebook.com\/groups\/orviken\/about\" \/>\n<meta property=\"article:published_time\" content=\"2023-04-27T16:09:06+00:00\" \/>\n<meta property=\"article:modified_time\" content=\"2023-04-27T16:29:35+00:00\" \/>\n<meta property=\"og:image\" content=\"https:\/\/www.orviken.se\/wp-content\/uploads\/2023\/04\/Skarmavbild-2023-04-27-kl.-17.36.58.png\" \/>\n\t<meta property=\"og:image:width\" content=\"2858\" \/>\n\t<meta property=\"og:image:height\" content=\"1232\" \/>\n\t<meta property=\"og:image:type\" content=\"image\/png\" \/>\n<meta name=\"author\" content=\"Jonathan Augustin\" \/>\n<meta name=\"twitter:card\" content=\"summary_large_image\" \/>\n<meta name=\"twitter:label1\" content=\"Written by\" \/>\n\t<meta name=\"twitter:data1\" content=\"Jonathan Augustin\" \/>\n\t<meta name=\"twitter:label2\" content=\"Est. reading time\" \/>\n\t<meta name=\"twitter:data2\" content=\"1 minute\" \/>\n<script type=\"application\/ld+json\" class=\"yoast-schema-graph\">{\"@context\":\"https:\\\/\\\/schema.org\",\"@graph\":[{\"@type\":\"Article\",\"@id\":\"https:\\\/\\\/www.orviken.se\\\/garageloppis-27-maj-2023\\\/#article\",\"isPartOf\":{\"@id\":\"https:\\\/\\\/www.orviken.se\\\/garageloppis-27-maj-2023\\\/\"},\"author\":{\"name\":\"Jonathan Augustin\",\"@id\":\"https:\\\/\\\/www.orviken.se\\\/#\\\/schema\\\/person\\\/aa1d3194c722fad8f7e54244f998ae3e\"},\"headline\":\"Garageloppis 27 maj 2023\",\"datePublished\":\"2023-04-27T16:09:06+00:00\",\"dateModified\":\"2023-04-27T16:29:35+00:00\",\"mainEntityOfPage\":{\"@id\":\"https:\\\/\\\/www.orviken.se\\\/garageloppis-27-maj-2023\\\/\"},\"wordCount\":85,\"publisher\":{\"@id\":\"https:\\\/\\\/www.orviken.se\\\/#organization\"},\"image\":{\"@id\":\"https:\\\/\\\/www.orviken.se\\\/garageloppis-27-maj-2023\\\/#primaryimage\"},\"thumbnailUrl\":\"https:\\\/\\\/www.orviken.se\\\/wp-content\\\/uploads\\\/2023\\\/04\\\/Skarmavbild-2023-04-27-kl.-17.36.58.png\",\"articleSection\":[\"Aktuellt\"],\"inLanguage\":\"en-US\"},{\"@type\":\"WebPage\",\"@id\":\"https:\\\/\\\/www.orviken.se\\\/garageloppis-27-maj-2023\\\/\",\"url\":\"https:\\\/\\\/www.orviken.se\\\/garageloppis-27-maj-2023\\\/\",\"name\":\"Garageloppis 27 maj 2023 - \u00d6rviken\",\"isPartOf\":{\"@id\":\"https:\\\/\\\/www.orviken.se\\\/#website\"},\"primaryImageOfPage\":{\"@id\":\"https:\\\/\\\/www.orviken.se\\\/garageloppis-27-maj-2023\\\/#primaryimage\"},\"image\":{\"@id\":\"https:\\\/\\\/www.orviken.se\\\/garageloppis-27-maj-2023\\\/#primaryimage\"},\"thumbnailUrl\":\"https:\\\/\\\/www.orviken.se\\\/wp-content\\\/uploads\\\/2023\\\/04\\\/Skarmavbild-2023-04-27-kl.-17.36.58.png\",\"datePublished\":\"2023-04-27T16:09:06+00:00\",\"dateModified\":\"2023-04-27T16:29:35+00:00\",\"description\":\"\u00d6rviken i Skellefte\u00e5 kommuns officiella webbsida - Den 27 maj 2023 s\u00e5 \u00e4r det en garageloppis i \u00d6rviken klockan 11-15\",\"breadcrumb\":{\"@id\":\"https:\\\/\\\/www.orviken.se\\\/garageloppis-27-maj-2023\\\/#breadcrumb\"},\"inLanguage\":\"en-US\",\"potentialAction\":[{\"@type\":\"ReadAction\",\"target\":[\"https:\\\/\\\/www.orviken.se\\\/garageloppis-27-maj-2023\\\/\"]}]},{\"@type\":\"ImageObject\",\"inLanguage\":\"en-US\",\"@id\":\"https:\\\/\\\/www.orviken.se\\\/garageloppis-27-maj-2023\\\/#primaryimage\",\"url\":\"https:\\\/\\\/www.orviken.se\\\/wp-content\\\/uploads\\\/2023\\\/04\\\/Skarmavbild-2023-04-27-kl.-17.36.58.png\",\"contentUrl\":\"https:\\\/\\\/www.orviken.se\\\/wp-content\\\/uploads\\\/2023\\\/04\\\/Skarmavbild-2023-04-27-kl.-17.36.58.png\",\"width\":2560,\"height\":1104},{\"@type\":\"BreadcrumbList\",\"@id\":\"https:\\\/\\\/www.orviken.se\\\/garageloppis-27-maj-2023\\\/#breadcrumb\",\"itemListElement\":[{\"@type\":\"ListItem\",\"position\":1,\"name\":\"Hem\",\"item\":\"https:\\\/\\\/www.orviken.se\\\/\"},{\"@type\":\"ListItem\",\"position\":2,\"name\":\"Garageloppis 27 maj 2023\"}]},{\"@type\":\"WebSite\",\"@id\":\"https:\\\/\\\/www.orviken.se\\\/#website\",\"url\":\"https:\\\/\\\/www.orviken.se\\\/\",\"name\":\"\u00d6rviken\",\"description\":\"Kustens p\u00e4rla\",\"publisher\":{\"@id\":\"https:\\\/\\\/www.orviken.se\\\/#organization\"},\"potentialAction\":[{\"@type\":\"SearchAction\",\"target\":{\"@type\":\"EntryPoint\",\"urlTemplate\":\"https:\\\/\\\/www.orviken.se\\\/?s={search_term_string}\"},\"query-input\":{\"@type\":\"PropertyValueSpecification\",\"valueRequired\":true,\"valueName\":\"search_term_string\"}}],\"inLanguage\":\"en-US\"},{\"@type\":\"Organization\",\"@id\":\"https:\\\/\\\/www.orviken.se\\\/#organization\",\"name\":\"\u00d6rvikens Byaf\u00f6rening\",\"url\":\"https:\\\/\\\/www.orviken.se\\\/\",\"logo\":{\"@type\":\"ImageObject\",\"inLanguage\":\"en-US\",\"@id\":\"https:\\\/\\\/www.orviken.se\\\/#\\\/schema\\\/logo\\\/image\\\/\",\"url\":\"https:\\\/\\\/i2.wp.com\\\/www.orviken.se\\\/wp-content\\\/uploads\\\/2021\\\/06\\\/O\u0308rviken-logga.jpg?fit=196%2C200&ssl=1\",\"contentUrl\":\"https:\\\/\\\/i2.wp.com\\\/www.orviken.se\\\/wp-content\\\/uploads\\\/2021\\\/06\\\/O\u0308rviken-logga.jpg?fit=196%2C200&ssl=1\",\"width\":196,\"height\":200,\"caption\":\"\u00d6rvikens Byaf\u00f6rening\"},\"image\":{\"@id\":\"https:\\\/\\\/www.orviken.se\\\/#\\\/schema\\\/logo\\\/image\\\/\"},\"sameAs\":[\"https:\\\/\\\/www.facebook.com\\\/groups\\\/orviken\\\/about\"]},{\"@type\":\"Person\",\"@id\":\"https:\\\/\\\/www.orviken.se\\\/#\\\/schema\\\/person\\\/aa1d3194c722fad8f7e54244f998ae3e\",\"name\":\"Jonathan Augustin\",\"sameAs\":[\"https:\\\/\\\/www.orviken.se\"],\"url\":\"https:\\\/\\\/www.orviken.se\\\/en\\\/author\\\/jonathan-augustin\\\/\"}]}<\/script>\n<!-- \/ Yoast SEO plugin. -->","yoast_head_json":{"title":"Garage sale May 27, 2023 - \u00d6rviken","description":"\u00d6rviken in Skellefte\u00e5 Municipality&#039;s official website - On May 27, 2023, there will be a garage sale in \u00d6rviken from 11 a.m. to 3 p.m.","robots":{"index":"index","follow":"follow","max-snippet":"max-snippet:-1","max-image-preview":"max-image-preview:large","max-video-preview":"max-video-preview:-1"},"canonical":"https:\/\/www.orviken.se\/en\/garageloppis-27-maj-2023\/","og_locale":"en_US","og_type":"article","og_title":"Garageloppis 27 maj 2023 - \u00d6rviken","og_description":"\u00d6rviken i Skellefte\u00e5 kommuns officiella webbsida - Den 27 maj 2023 s\u00e5 \u00e4r det en garageloppis i \u00d6rviken klockan 11-15","og_url":"https:\/\/www.orviken.se\/en\/garageloppis-27-maj-2023\/","og_site_name":"\u00d6rviken","article_publisher":"https:\/\/www.facebook.com\/groups\/orviken\/about","article_published_time":"2023-04-27T16:09:06+00:00","article_modified_time":"2023-04-27T16:29:35+00:00","og_image":[{"width":2858,"height":1232,"url":"https:\/\/www.orviken.se\/wp-content\/uploads\/2023\/04\/Skarmavbild-2023-04-27-kl.-17.36.58.png","type":"image\/png"}],"author":"Jonathan Augustin","twitter_card":"summary_large_image","twitter_misc":{"Written by":"Jonathan Augustin","Est. reading time":"1 minute"},"schema":{"@context":"https:\/\/schema.org","@graph":[{"@type":"Article","@id":"https:\/\/www.orviken.se\/garageloppis-27-maj-2023\/#article","isPartOf":{"@id":"https:\/\/www.orviken.se\/garageloppis-27-maj-2023\/"},"author":{"name":"Jonathan Augustin","@id":"https:\/\/www.orviken.se\/#\/schema\/person\/aa1d3194c722fad8f7e54244f998ae3e"},"headline":"Garageloppis 27 maj 2023","datePublished":"2023-04-27T16:09:06+00:00","dateModified":"2023-04-27T16:29:35+00:00","mainEntityOfPage":{"@id":"https:\/\/www.orviken.se\/garageloppis-27-maj-2023\/"},"wordCount":85,"publisher":{"@id":"https:\/\/www.orviken.se\/#organization"},"image":{"@id":"https:\/\/www.orviken.se\/garageloppis-27-maj-2023\/#primaryimage"},"thumbnailUrl":"https:\/\/www.orviken.se\/wp-content\/uploads\/2023\/04\/Skarmavbild-2023-04-27-kl.-17.36.58.png","articleSection":["Aktuellt"],"inLanguage":"en-US"},{"@type":"WebPage","@id":"https:\/\/www.orviken.se\/garageloppis-27-maj-2023\/","url":"https:\/\/www.orviken.se\/garageloppis-27-maj-2023\/","name":"Garage sale May 27, 2023 - \u00d6rviken","isPartOf":{"@id":"https:\/\/www.orviken.se\/#website"},"primaryImageOfPage":{"@id":"https:\/\/www.orviken.se\/garageloppis-27-maj-2023\/#primaryimage"},"image":{"@id":"https:\/\/www.orviken.se\/garageloppis-27-maj-2023\/#primaryimage"},"thumbnailUrl":"https:\/\/www.orviken.se\/wp-content\/uploads\/2023\/04\/Skarmavbild-2023-04-27-kl.-17.36.58.png","datePublished":"2023-04-27T16:09:06+00:00","dateModified":"2023-04-27T16:29:35+00:00","description":"\u00d6rviken in Skellefte\u00e5 Municipality&#039;s official website - On May 27, 2023, there will be a garage sale in \u00d6rviken from 11 a.m. to 3 p.m.","breadcrumb":{"@id":"https:\/\/www.orviken.se\/garageloppis-27-maj-2023\/#breadcrumb"},"inLanguage":"en-US","potentialAction":[{"@type":"ReadAction","target":["https:\/\/www.orviken.se\/garageloppis-27-maj-2023\/"]}]},{"@type":"ImageObject","inLanguage":"en-US","@id":"https:\/\/www.orviken.se\/garageloppis-27-maj-2023\/#primaryimage","url":"https:\/\/www.orviken.se\/wp-content\/uploads\/2023\/04\/Skarmavbild-2023-04-27-kl.-17.36.58.png","contentUrl":"https:\/\/www.orviken.se\/wp-content\/uploads\/2023\/04\/Skarmavbild-2023-04-27-kl.-17.36.58.png","width":2560,"height":1104},{"@type":"BreadcrumbList","@id":"https:\/\/www.orviken.se\/garageloppis-27-maj-2023\/#breadcrumb","itemListElement":[{"@type":"ListItem","position":1,"name":"Hem","item":"https:\/\/www.orviken.se\/"},{"@type":"ListItem","position":2,"name":"Garageloppis 27 maj 2023"}]},{"@type":"WebSite","@id":"https:\/\/www.orviken.se\/#website","url":"https:\/\/www.orviken.se\/","name":"\u00d6rviken","description":"The pearl of the coast","publisher":{"@id":"https:\/\/www.orviken.se\/#organization"},"potentialAction":[{"@type":"SearchAction","target":{"@type":"EntryPoint","urlTemplate":"https:\/\/www.orviken.se\/?s={search_term_string}"},"query-input":{"@type":"PropertyValueSpecification","valueRequired":true,"valueName":"search_term_string"}}],"inLanguage":"en-US"},{"@type":"Organization","@id":"https:\/\/www.orviken.se\/#organization","name":"\u00d6rviken Village Association","url":"https:\/\/www.orviken.se\/","logo":{"@type":"ImageObject","inLanguage":"en-US","@id":"https:\/\/www.orviken.se\/#\/schema\/logo\/image\/","url":"https:\/\/i2.wp.com\/www.orviken.se\/wp-content\/uploads\/2021\/06\/O\u0308rviken-logga.jpg?fit=196%2C200&ssl=1","contentUrl":"https:\/\/i2.wp.com\/www.orviken.se\/wp-content\/uploads\/2021\/06\/O\u0308rviken-logga.jpg?fit=196%2C200&ssl=1","width":196,"height":200,"caption":"\u00d6rvikens Byaf\u00f6rening"},"image":{"@id":"https:\/\/www.orviken.se\/#\/schema\/logo\/image\/"},"sameAs":["https:\/\/www.facebook.com\/groups\/orviken\/about"]},{"@type":"Person","@id":"https:\/\/www.orviken.se\/#\/schema\/person\/aa1d3194c722fad8f7e54244f998ae3e","name":"Jonathan Augustine","sameAs":["https:\/\/www.orviken.se"],"url":"https:\/\/www.orviken.se\/en\/author\/jonathan-augustin\/"}]}},"_links":{"self":[{"href":"https:\/\/www.orviken.se\/en\/wp-json\/wp\/v2\/posts\/1779","targetHints":{"allow":["GET"]}}],"collection":[{"href":"https:\/\/www.orviken.se\/en\/wp-json\/wp\/v2\/posts"}],"about":[{"href":"https:\/\/www.orviken.se\/en\/wp-json\/wp\/v2\/types\/post"}],"author":[{"embeddable":true,"href":"https:\/\/www.orviken.se\/en\/wp-json\/wp\/v2\/users\/1"}],"replies":[{"embeddable":true,"href":"https:\/\/www.orviken.se\/en\/wp-json\/wp\/v2\/comments?post=1779"}],"version-history":[{"count":10,"href":"https:\/\/www.orviken.se\/en\/wp-json\/wp\/v2\/posts\/1779\/revisions"}],"predecessor-version":[{"id":1794,"href":"https:\/\/www.orviken.se\/en\/wp-json\/wp\/v2\/posts\/1779\/revisions\/1794"}],"wp:featuredmedia":[{"embeddable":true,"href":"https:\/\/www.orviken.se\/en\/wp-json\/wp\/v2\/media\/1780"}],"wp:attachment":[{"href":"https:\/\/www.orviken.se\/en\/wp-json\/wp\/v2\/media?parent=1779"}],"wp:term":[{"taxonomy":"category","embeddable":true,"href":"https:\/\/www.orviken.se\/en\/wp-json\/wp\/v2\/categories?post=1779"},{"taxonomy":"post_tag","embeddable":true,"href":"https:\/\/www.orviken.se\/en\/wp-json\/wp\/v2\/tags?post=1779"}],"curies":[{"name":"wp","href":"https:\/\/api.w.org\/{rel}","templated":true}]}}