{"id":1764,"date":"2023-02-20T16:19:29","date_gmt":"2023-02-20T15:19:29","guid":{"rendered":"https:\/\/www.orviken.se\/?p=1764"},"modified":"2023-02-20T16:20:14","modified_gmt":"2023-02-20T15:20:14","slug":"fettisdag-21-2-23","status":"publish","type":"post","link":"https:\/\/www.orviken.se\/en\/fettisdag-21-2-23\/","title":{"rendered":"Fat Tuesday 21\/2-23"},"content":{"rendered":"<p>Tuesday is fat day! It is celebrated with <a href=\"https:\/\/www.orviken.se\/en\/skidsparen\/\">cross country skis<\/a> and rolls on<a href=\"https:\/\/www.orviken.se\/en\/folkets-hus\/\"> the people<\/a>.<br><br>The ski track will be illuminated with marshals from 17:30 and the public is open from 18:00. There will be rolls, coffee and juice for sale.<br><br>To make this work, we would like some people to help prepare drinks and handle sales. Those of you who can help are welcome to contact P\u00e4r Lindberg or \u00d6sten Hanson. Thanks in advance<br><br>If anyone wants to arrange a game for the children, feel free to come \ud83d\ude42<br><br>P\u00e4r Lindberg via <a href=\"https:\/\/www.facebook.com\/groups\/orviken\" target=\"_blank\" rel=\"noreferrer noopener\">\u00d6rviken&#039;s Facebook<\/a><\/p>","protected":false},"excerpt":{"rendered":"<p>Tuesday 21\/2, according to tradition, there will be cross-country skiing on the ski-track and semlor at the Community House!<\/p>","protected":false},"author":1,"featured_media":1364,"comment_status":"closed","ping_status":"open","sticky":false,"template":"","format":"standard","meta":{"inline_featured_image":false,"footnotes":""},"categories":[6],"tags":[],"class_list":["post-1764","post","type-post","status-publish","format-standard","has-post-thumbnail","hentry","category-aktuellt"],"yoast_head":"<!-- This site is optimized with the Yoast SEO plugin v27.4 - https:\/\/yoast.com\/product\/yoast-seo-wordpress\/ -->\n<title>Fettisdag 21\/2-23 - \u00d6rviken<\/title>\n<meta name=\"description\" content=\"\u00d6rviken i Skellefte\u00e5 kommuns officiella webbsida - Tisdag den 21\/2 s\u00e5 \u00e4r det l\u00e4ngdskide\u00e5kning p\u00e5 sp\u00e5ret och semlor p\u00e5 folkan!\" \/>\n<meta name=\"robots\" content=\"index, follow, max-snippet:-1, max-image-preview:large, max-video-preview:-1\" \/>\n<link rel=\"canonical\" href=\"https:\/\/www.orviken.se\/en\/fettisdag-21-2-23\/\" \/>\n<meta property=\"og:locale\" content=\"en_US\" \/>\n<meta property=\"og:type\" content=\"article\" \/>\n<meta property=\"og:title\" content=\"Fettisdag 21\/2-23 - \u00d6rviken\" \/>\n<meta property=\"og:description\" content=\"\u00d6rviken i Skellefte\u00e5 kommuns officiella webbsida - Tisdag den 21\/2 s\u00e5 \u00e4r det l\u00e4ngdskide\u00e5kning p\u00e5 sp\u00e5ret och semlor p\u00e5 folkan!\" \/>\n<meta property=\"og:url\" content=\"https:\/\/www.orviken.se\/en\/fettisdag-21-2-23\/\" \/>\n<meta property=\"og:site_name\" content=\"\u00d6rviken\" \/>\n<meta property=\"article:publisher\" content=\"https:\/\/www.facebook.com\/groups\/orviken\/about\" \/>\n<meta property=\"article:published_time\" content=\"2023-02-20T15:19:29+00:00\" \/>\n<meta property=\"article:modified_time\" content=\"2023-02-20T15:20:14+00:00\" \/>\n<meta property=\"og:image\" content=\"https:\/\/www.orviken.se\/wp-content\/uploads\/2022\/02\/Semlor-scaled.jpg\" \/>\n\t<meta property=\"og:image:width\" content=\"2560\" \/>\n\t<meta property=\"og:image:height\" content=\"1707\" \/>\n\t<meta property=\"og:image:type\" content=\"image\/jpeg\" \/>\n<meta name=\"author\" content=\"Jonathan Augustin\" \/>\n<meta name=\"twitter:card\" content=\"summary_large_image\" \/>\n<meta name=\"twitter:label1\" content=\"Written by\" \/>\n\t<meta name=\"twitter:data1\" content=\"Jonathan Augustin\" \/>\n\t<meta name=\"twitter:label2\" content=\"Est. reading time\" \/>\n\t<meta name=\"twitter:data2\" content=\"1 minute\" \/>\n<script type=\"application\/ld+json\" class=\"yoast-schema-graph\">{\"@context\":\"https:\\\/\\\/schema.org\",\"@graph\":[{\"@type\":\"Article\",\"@id\":\"https:\\\/\\\/www.orviken.se\\\/fettisdag-21-2-23\\\/#article\",\"isPartOf\":{\"@id\":\"https:\\\/\\\/www.orviken.se\\\/fettisdag-21-2-23\\\/\"},\"author\":{\"name\":\"Jonathan Augustin\",\"@id\":\"https:\\\/\\\/www.orviken.se\\\/#\\\/schema\\\/person\\\/aa1d3194c722fad8f7e54244f998ae3e\"},\"headline\":\"Fettisdag 21\\\/2-23\",\"datePublished\":\"2023-02-20T15:19:29+00:00\",\"dateModified\":\"2023-02-20T15:20:14+00:00\",\"mainEntityOfPage\":{\"@id\":\"https:\\\/\\\/www.orviken.se\\\/fettisdag-21-2-23\\\/\"},\"wordCount\":119,\"publisher\":{\"@id\":\"https:\\\/\\\/www.orviken.se\\\/#organization\"},\"image\":{\"@id\":\"https:\\\/\\\/www.orviken.se\\\/fettisdag-21-2-23\\\/#primaryimage\"},\"thumbnailUrl\":\"https:\\\/\\\/www.orviken.se\\\/wp-content\\\/uploads\\\/2022\\\/02\\\/Semlor-scaled.jpg\",\"articleSection\":[\"Aktuellt\"],\"inLanguage\":\"en-US\"},{\"@type\":\"WebPage\",\"@id\":\"https:\\\/\\\/www.orviken.se\\\/fettisdag-21-2-23\\\/\",\"url\":\"https:\\\/\\\/www.orviken.se\\\/fettisdag-21-2-23\\\/\",\"name\":\"Fettisdag 21\\\/2-23 - \u00d6rviken\",\"isPartOf\":{\"@id\":\"https:\\\/\\\/www.orviken.se\\\/#website\"},\"primaryImageOfPage\":{\"@id\":\"https:\\\/\\\/www.orviken.se\\\/fettisdag-21-2-23\\\/#primaryimage\"},\"image\":{\"@id\":\"https:\\\/\\\/www.orviken.se\\\/fettisdag-21-2-23\\\/#primaryimage\"},\"thumbnailUrl\":\"https:\\\/\\\/www.orviken.se\\\/wp-content\\\/uploads\\\/2022\\\/02\\\/Semlor-scaled.jpg\",\"datePublished\":\"2023-02-20T15:19:29+00:00\",\"dateModified\":\"2023-02-20T15:20:14+00:00\",\"description\":\"\u00d6rviken i Skellefte\u00e5 kommuns officiella webbsida - Tisdag den 21\\\/2 s\u00e5 \u00e4r det l\u00e4ngdskide\u00e5kning p\u00e5 sp\u00e5ret och semlor p\u00e5 folkan!\",\"breadcrumb\":{\"@id\":\"https:\\\/\\\/www.orviken.se\\\/fettisdag-21-2-23\\\/#breadcrumb\"},\"inLanguage\":\"en-US\",\"potentialAction\":[{\"@type\":\"ReadAction\",\"target\":[\"https:\\\/\\\/www.orviken.se\\\/fettisdag-21-2-23\\\/\"]}]},{\"@type\":\"ImageObject\",\"inLanguage\":\"en-US\",\"@id\":\"https:\\\/\\\/www.orviken.se\\\/fettisdag-21-2-23\\\/#primaryimage\",\"url\":\"https:\\\/\\\/www.orviken.se\\\/wp-content\\\/uploads\\\/2022\\\/02\\\/Semlor-scaled.jpg\",\"contentUrl\":\"https:\\\/\\\/www.orviken.se\\\/wp-content\\\/uploads\\\/2022\\\/02\\\/Semlor-scaled.jpg\",\"width\":2560,\"height\":1707},{\"@type\":\"BreadcrumbList\",\"@id\":\"https:\\\/\\\/www.orviken.se\\\/fettisdag-21-2-23\\\/#breadcrumb\",\"itemListElement\":[{\"@type\":\"ListItem\",\"position\":1,\"name\":\"Hem\",\"item\":\"https:\\\/\\\/www.orviken.se\\\/\"},{\"@type\":\"ListItem\",\"position\":2,\"name\":\"Fettisdag 21\\\/2-23\"}]},{\"@type\":\"WebSite\",\"@id\":\"https:\\\/\\\/www.orviken.se\\\/#website\",\"url\":\"https:\\\/\\\/www.orviken.se\\\/\",\"name\":\"\u00d6rviken\",\"description\":\"Kustens p\u00e4rla\",\"publisher\":{\"@id\":\"https:\\\/\\\/www.orviken.se\\\/#organization\"},\"potentialAction\":[{\"@type\":\"SearchAction\",\"target\":{\"@type\":\"EntryPoint\",\"urlTemplate\":\"https:\\\/\\\/www.orviken.se\\\/?s={search_term_string}\"},\"query-input\":{\"@type\":\"PropertyValueSpecification\",\"valueRequired\":true,\"valueName\":\"search_term_string\"}}],\"inLanguage\":\"en-US\"},{\"@type\":\"Organization\",\"@id\":\"https:\\\/\\\/www.orviken.se\\\/#organization\",\"name\":\"\u00d6rvikens Byaf\u00f6rening\",\"url\":\"https:\\\/\\\/www.orviken.se\\\/\",\"logo\":{\"@type\":\"ImageObject\",\"inLanguage\":\"en-US\",\"@id\":\"https:\\\/\\\/www.orviken.se\\\/#\\\/schema\\\/logo\\\/image\\\/\",\"url\":\"https:\\\/\\\/i2.wp.com\\\/www.orviken.se\\\/wp-content\\\/uploads\\\/2021\\\/06\\\/O\u0308rviken-logga.jpg?fit=196%2C200&ssl=1\",\"contentUrl\":\"https:\\\/\\\/i2.wp.com\\\/www.orviken.se\\\/wp-content\\\/uploads\\\/2021\\\/06\\\/O\u0308rviken-logga.jpg?fit=196%2C200&ssl=1\",\"width\":196,\"height\":200,\"caption\":\"\u00d6rvikens Byaf\u00f6rening\"},\"image\":{\"@id\":\"https:\\\/\\\/www.orviken.se\\\/#\\\/schema\\\/logo\\\/image\\\/\"},\"sameAs\":[\"https:\\\/\\\/www.facebook.com\\\/groups\\\/orviken\\\/about\"]},{\"@type\":\"Person\",\"@id\":\"https:\\\/\\\/www.orviken.se\\\/#\\\/schema\\\/person\\\/aa1d3194c722fad8f7e54244f998ae3e\",\"name\":\"Jonathan Augustin\",\"sameAs\":[\"https:\\\/\\\/www.orviken.se\"],\"url\":\"https:\\\/\\\/www.orviken.se\\\/en\\\/author\\\/jonathan-augustin\\\/\"}]}<\/script>\n<!-- \/ Yoast SEO plugin. -->","yoast_head_json":{"title":"Fat Tuesday 21\/2-23 - \u00d6rviken","description":"\u00d6rviken in Skellefte\u00e5 Municipality&#039;s official website - Tuesday 21\/2 there will be cross-country skiing on the trail and semlor on the people!","robots":{"index":"index","follow":"follow","max-snippet":"max-snippet:-1","max-image-preview":"max-image-preview:large","max-video-preview":"max-video-preview:-1"},"canonical":"https:\/\/www.orviken.se\/en\/fettisdag-21-2-23\/","og_locale":"en_US","og_type":"article","og_title":"Fettisdag 21\/2-23 - \u00d6rviken","og_description":"\u00d6rviken i Skellefte\u00e5 kommuns officiella webbsida - Tisdag den 21\/2 s\u00e5 \u00e4r det l\u00e4ngdskide\u00e5kning p\u00e5 sp\u00e5ret och semlor p\u00e5 folkan!","og_url":"https:\/\/www.orviken.se\/en\/fettisdag-21-2-23\/","og_site_name":"\u00d6rviken","article_publisher":"https:\/\/www.facebook.com\/groups\/orviken\/about","article_published_time":"2023-02-20T15:19:29+00:00","article_modified_time":"2023-02-20T15:20:14+00:00","og_image":[{"width":2560,"height":1707,"url":"https:\/\/www.orviken.se\/wp-content\/uploads\/2022\/02\/Semlor-scaled.jpg","type":"image\/jpeg"}],"author":"Jonathan Augustin","twitter_card":"summary_large_image","twitter_misc":{"Written by":"Jonathan Augustin","Est. reading time":"1 minute"},"schema":{"@context":"https:\/\/schema.org","@graph":[{"@type":"Article","@id":"https:\/\/www.orviken.se\/fettisdag-21-2-23\/#article","isPartOf":{"@id":"https:\/\/www.orviken.se\/fettisdag-21-2-23\/"},"author":{"name":"Jonathan Augustin","@id":"https:\/\/www.orviken.se\/#\/schema\/person\/aa1d3194c722fad8f7e54244f998ae3e"},"headline":"Fettisdag 21\/2-23","datePublished":"2023-02-20T15:19:29+00:00","dateModified":"2023-02-20T15:20:14+00:00","mainEntityOfPage":{"@id":"https:\/\/www.orviken.se\/fettisdag-21-2-23\/"},"wordCount":119,"publisher":{"@id":"https:\/\/www.orviken.se\/#organization"},"image":{"@id":"https:\/\/www.orviken.se\/fettisdag-21-2-23\/#primaryimage"},"thumbnailUrl":"https:\/\/www.orviken.se\/wp-content\/uploads\/2022\/02\/Semlor-scaled.jpg","articleSection":["Aktuellt"],"inLanguage":"en-US"},{"@type":"WebPage","@id":"https:\/\/www.orviken.se\/fettisdag-21-2-23\/","url":"https:\/\/www.orviken.se\/fettisdag-21-2-23\/","name":"Fat Tuesday 21\/2-23 - \u00d6rviken","isPartOf":{"@id":"https:\/\/www.orviken.se\/#website"},"primaryImageOfPage":{"@id":"https:\/\/www.orviken.se\/fettisdag-21-2-23\/#primaryimage"},"image":{"@id":"https:\/\/www.orviken.se\/fettisdag-21-2-23\/#primaryimage"},"thumbnailUrl":"https:\/\/www.orviken.se\/wp-content\/uploads\/2022\/02\/Semlor-scaled.jpg","datePublished":"2023-02-20T15:19:29+00:00","dateModified":"2023-02-20T15:20:14+00:00","description":"\u00d6rviken in Skellefte\u00e5 Municipality&#039;s official website - Tuesday 21\/2 there will be cross-country skiing on the trail and semlor on the people!","breadcrumb":{"@id":"https:\/\/www.orviken.se\/fettisdag-21-2-23\/#breadcrumb"},"inLanguage":"en-US","potentialAction":[{"@type":"ReadAction","target":["https:\/\/www.orviken.se\/fettisdag-21-2-23\/"]}]},{"@type":"ImageObject","inLanguage":"en-US","@id":"https:\/\/www.orviken.se\/fettisdag-21-2-23\/#primaryimage","url":"https:\/\/www.orviken.se\/wp-content\/uploads\/2022\/02\/Semlor-scaled.jpg","contentUrl":"https:\/\/www.orviken.se\/wp-content\/uploads\/2022\/02\/Semlor-scaled.jpg","width":2560,"height":1707},{"@type":"BreadcrumbList","@id":"https:\/\/www.orviken.se\/fettisdag-21-2-23\/#breadcrumb","itemListElement":[{"@type":"ListItem","position":1,"name":"Hem","item":"https:\/\/www.orviken.se\/"},{"@type":"ListItem","position":2,"name":"Fettisdag 21\/2-23"}]},{"@type":"WebSite","@id":"https:\/\/www.orviken.se\/#website","url":"https:\/\/www.orviken.se\/","name":"\u00d6rviken","description":"The pearl of the coast","publisher":{"@id":"https:\/\/www.orviken.se\/#organization"},"potentialAction":[{"@type":"SearchAction","target":{"@type":"EntryPoint","urlTemplate":"https:\/\/www.orviken.se\/?s={search_term_string}"},"query-input":{"@type":"PropertyValueSpecification","valueRequired":true,"valueName":"search_term_string"}}],"inLanguage":"en-US"},{"@type":"Organization","@id":"https:\/\/www.orviken.se\/#organization","name":"\u00d6rviken Village Association","url":"https:\/\/www.orviken.se\/","logo":{"@type":"ImageObject","inLanguage":"en-US","@id":"https:\/\/www.orviken.se\/#\/schema\/logo\/image\/","url":"https:\/\/i2.wp.com\/www.orviken.se\/wp-content\/uploads\/2021\/06\/O\u0308rviken-logga.jpg?fit=196%2C200&ssl=1","contentUrl":"https:\/\/i2.wp.com\/www.orviken.se\/wp-content\/uploads\/2021\/06\/O\u0308rviken-logga.jpg?fit=196%2C200&ssl=1","width":196,"height":200,"caption":"\u00d6rvikens Byaf\u00f6rening"},"image":{"@id":"https:\/\/www.orviken.se\/#\/schema\/logo\/image\/"},"sameAs":["https:\/\/www.facebook.com\/groups\/orviken\/about"]},{"@type":"Person","@id":"https:\/\/www.orviken.se\/#\/schema\/person\/aa1d3194c722fad8f7e54244f998ae3e","name":"Jonathan Augustine","sameAs":["https:\/\/www.orviken.se"],"url":"https:\/\/www.orviken.se\/en\/author\/jonathan-augustin\/"}]}},"_links":{"self":[{"href":"https:\/\/www.orviken.se\/en\/wp-json\/wp\/v2\/posts\/1764","targetHints":{"allow":["GET"]}}],"collection":[{"href":"https:\/\/www.orviken.se\/en\/wp-json\/wp\/v2\/posts"}],"about":[{"href":"https:\/\/www.orviken.se\/en\/wp-json\/wp\/v2\/types\/post"}],"author":[{"embeddable":true,"href":"https:\/\/www.orviken.se\/en\/wp-json\/wp\/v2\/users\/1"}],"replies":[{"embeddable":true,"href":"https:\/\/www.orviken.se\/en\/wp-json\/wp\/v2\/comments?post=1764"}],"version-history":[{"count":1,"href":"https:\/\/www.orviken.se\/en\/wp-json\/wp\/v2\/posts\/1764\/revisions"}],"predecessor-version":[{"id":1765,"href":"https:\/\/www.orviken.se\/en\/wp-json\/wp\/v2\/posts\/1764\/revisions\/1765"}],"wp:featuredmedia":[{"embeddable":true,"href":"https:\/\/www.orviken.se\/en\/wp-json\/wp\/v2\/media\/1364"}],"wp:attachment":[{"href":"https:\/\/www.orviken.se\/en\/wp-json\/wp\/v2\/media?parent=1764"}],"wp:term":[{"taxonomy":"category","embeddable":true,"href":"https:\/\/www.orviken.se\/en\/wp-json\/wp\/v2\/categories?post=1764"},{"taxonomy":"post_tag","embeddable":true,"href":"https:\/\/www.orviken.se\/en\/wp-json\/wp\/v2\/tags?post=1764"}],"curies":[{"name":"wp","href":"https:\/\/api.w.org\/{rel}","templated":true}]}}