{"id":1676,"date":"2022-08-29T20:23:25","date_gmt":"2022-08-29T18:23:25","guid":{"rendered":"https:\/\/www.orviken.se\/?p=1676"},"modified":"2022-08-29T20:25:18","modified_gmt":"2022-08-29T18:25:18","slug":"rosta-i-folkets-hus-11-9-22","status":"publish","type":"post","link":"https:\/\/www.orviken.se\/en\/rosta-i-folkets-hus-11-9-22\/","title":{"rendered":"Vote in the community house 11\/9-22"},"content":{"rendered":"<p>You know you can vote in <a href=\"https:\/\/www.orviken.se\/en\/folkets-hus\/\" data-type=\"URL\" data-id=\"https:\/\/www.orviken.se\/folkets-hus\/\">\u00d6rvikens FolketsHus<\/a> premises during the election day on 11 September 2022 between 10 am and 4 pm. Folkets Hus can be found at the address Farleden 17.<\/p>\n\n\n\n<p>On the voting card, it says that the polling station is in Stackgr\u00f6nnan, but \u00d6rviken is an early voting station that is open on election day, September 11.<\/p>\n\n\n\n<figure class=\"wp-block-image size-full\"><img loading=\"lazy\" decoding=\"async\" width=\"2560\" height=\"1352\" src=\"https:\/\/www.orviken.se\/wp-content\/uploads\/2021\/07\/Folkets-hus-redigerad-1-scaled.jpg\" alt=\"\" class=\"wp-image-555\" srcset=\"https:\/\/www.orviken.se\/wp-content\/uploads\/2021\/07\/Folkets-hus-redigerad-1-scaled.jpg 2560w, https:\/\/www.orviken.se\/wp-content\/uploads\/2021\/07\/Folkets-hus-redigerad-1-300x158.jpg 300w, https:\/\/www.orviken.se\/wp-content\/uploads\/2021\/07\/Folkets-hus-redigerad-1-1024x541.jpg 1024w, https:\/\/www.orviken.se\/wp-content\/uploads\/2021\/07\/Folkets-hus-redigerad-1-768x406.jpg 768w, https:\/\/www.orviken.se\/wp-content\/uploads\/2021\/07\/Folkets-hus-redigerad-1-1536x811.jpg 1536w, https:\/\/www.orviken.se\/wp-content\/uploads\/2021\/07\/Folkets-hus-redigerad-1-2048x1081.jpg 2048w\" sizes=\"auto, (max-width: 2560px) 100vw, 2560px\" \/><\/figure>","protected":false},"excerpt":{"rendered":"<p>On election day, September 11, you can vote in the community house premises!<\/p>","protected":false},"author":1,"featured_media":555,"comment_status":"closed","ping_status":"open","sticky":false,"template":"","format":"standard","meta":{"inline_featured_image":false,"footnotes":""},"categories":[6],"tags":[],"class_list":["post-1676","post","type-post","status-publish","format-standard","has-post-thumbnail","hentry","category-aktuellt"],"yoast_head":"<!-- This site is optimized with the Yoast SEO plugin v27.4 - https:\/\/yoast.com\/product\/yoast-seo-wordpress\/ -->\n<title>R\u00f6sta i Folkets Hus 11\/9-22 - \u00d6rviken<\/title>\n<meta name=\"description\" content=\"\u00d6rviken i Skellefte\u00e5 kommuns officiella webbsida - Valdagen den 11 september kan du r\u00f6sta i Folkets Hus lokaler\" \/>\n<meta name=\"robots\" content=\"index, follow, max-snippet:-1, max-image-preview:large, max-video-preview:-1\" \/>\n<link rel=\"canonical\" href=\"https:\/\/www.orviken.se\/en\/rosta-i-folkets-hus-11-9-22\/\" \/>\n<meta property=\"og:locale\" content=\"en_US\" \/>\n<meta property=\"og:type\" content=\"article\" \/>\n<meta property=\"og:title\" content=\"R\u00f6sta i Folkets Hus 11\/9-22 - \u00d6rviken\" \/>\n<meta property=\"og:description\" content=\"\u00d6rviken i Skellefte\u00e5 kommuns officiella webbsida - Valdagen den 11 september kan du r\u00f6sta i Folkets Hus lokaler\" \/>\n<meta property=\"og:url\" content=\"https:\/\/www.orviken.se\/en\/rosta-i-folkets-hus-11-9-22\/\" \/>\n<meta property=\"og:site_name\" content=\"\u00d6rviken\" \/>\n<meta property=\"article:publisher\" content=\"https:\/\/www.facebook.com\/groups\/orviken\/about\" \/>\n<meta property=\"article:published_time\" content=\"2022-08-29T18:23:25+00:00\" \/>\n<meta property=\"article:modified_time\" content=\"2022-08-29T18:25:18+00:00\" \/>\n<meta property=\"og:image\" content=\"https:\/\/www.orviken.se\/wp-content\/uploads\/2021\/07\/Folkets-hus-redigerad-1-scaled.jpg\" \/>\n\t<meta property=\"og:image:width\" content=\"2560\" \/>\n\t<meta property=\"og:image:height\" content=\"1352\" \/>\n\t<meta property=\"og:image:type\" content=\"image\/jpeg\" \/>\n<meta name=\"author\" content=\"Jonathan Augustin\" \/>\n<meta name=\"twitter:card\" content=\"summary_large_image\" \/>\n<meta name=\"twitter:label1\" content=\"Written by\" \/>\n\t<meta name=\"twitter:data1\" content=\"Jonathan Augustin\" \/>\n\t<meta name=\"twitter:label2\" content=\"Est. reading time\" \/>\n\t<meta name=\"twitter:data2\" content=\"1 minute\" \/>\n<script type=\"application\/ld+json\" class=\"yoast-schema-graph\">{\"@context\":\"https:\\\/\\\/schema.org\",\"@graph\":[{\"@type\":\"Article\",\"@id\":\"https:\\\/\\\/www.orviken.se\\\/rosta-i-folkets-hus-11-9-22\\\/#article\",\"isPartOf\":{\"@id\":\"https:\\\/\\\/www.orviken.se\\\/rosta-i-folkets-hus-11-9-22\\\/\"},\"author\":{\"name\":\"Jonathan Augustin\",\"@id\":\"https:\\\/\\\/www.orviken.se\\\/#\\\/schema\\\/person\\\/aa1d3194c722fad8f7e54244f998ae3e\"},\"headline\":\"R\u00f6sta i Folkets Hus 11\\\/9-22\",\"datePublished\":\"2022-08-29T18:23:25+00:00\",\"dateModified\":\"2022-08-29T18:25:18+00:00\",\"mainEntityOfPage\":{\"@id\":\"https:\\\/\\\/www.orviken.se\\\/rosta-i-folkets-hus-11-9-22\\\/\"},\"wordCount\":58,\"publisher\":{\"@id\":\"https:\\\/\\\/www.orviken.se\\\/#organization\"},\"image\":{\"@id\":\"https:\\\/\\\/www.orviken.se\\\/rosta-i-folkets-hus-11-9-22\\\/#primaryimage\"},\"thumbnailUrl\":\"https:\\\/\\\/www.orviken.se\\\/wp-content\\\/uploads\\\/2021\\\/07\\\/Folkets-hus-redigerad-1-scaled.jpg\",\"articleSection\":[\"Aktuellt\"],\"inLanguage\":\"en-US\"},{\"@type\":\"WebPage\",\"@id\":\"https:\\\/\\\/www.orviken.se\\\/rosta-i-folkets-hus-11-9-22\\\/\",\"url\":\"https:\\\/\\\/www.orviken.se\\\/rosta-i-folkets-hus-11-9-22\\\/\",\"name\":\"R\u00f6sta i Folkets Hus 11\\\/9-22 - \u00d6rviken\",\"isPartOf\":{\"@id\":\"https:\\\/\\\/www.orviken.se\\\/#website\"},\"primaryImageOfPage\":{\"@id\":\"https:\\\/\\\/www.orviken.se\\\/rosta-i-folkets-hus-11-9-22\\\/#primaryimage\"},\"image\":{\"@id\":\"https:\\\/\\\/www.orviken.se\\\/rosta-i-folkets-hus-11-9-22\\\/#primaryimage\"},\"thumbnailUrl\":\"https:\\\/\\\/www.orviken.se\\\/wp-content\\\/uploads\\\/2021\\\/07\\\/Folkets-hus-redigerad-1-scaled.jpg\",\"datePublished\":\"2022-08-29T18:23:25+00:00\",\"dateModified\":\"2022-08-29T18:25:18+00:00\",\"description\":\"\u00d6rviken i Skellefte\u00e5 kommuns officiella webbsida - Valdagen den 11 september kan du r\u00f6sta i Folkets Hus lokaler\",\"breadcrumb\":{\"@id\":\"https:\\\/\\\/www.orviken.se\\\/rosta-i-folkets-hus-11-9-22\\\/#breadcrumb\"},\"inLanguage\":\"en-US\",\"potentialAction\":[{\"@type\":\"ReadAction\",\"target\":[\"https:\\\/\\\/www.orviken.se\\\/rosta-i-folkets-hus-11-9-22\\\/\"]}]},{\"@type\":\"ImageObject\",\"inLanguage\":\"en-US\",\"@id\":\"https:\\\/\\\/www.orviken.se\\\/rosta-i-folkets-hus-11-9-22\\\/#primaryimage\",\"url\":\"https:\\\/\\\/www.orviken.se\\\/wp-content\\\/uploads\\\/2021\\\/07\\\/Folkets-hus-redigerad-1-scaled.jpg\",\"contentUrl\":\"https:\\\/\\\/www.orviken.se\\\/wp-content\\\/uploads\\\/2021\\\/07\\\/Folkets-hus-redigerad-1-scaled.jpg\",\"width\":2560,\"height\":1352},{\"@type\":\"BreadcrumbList\",\"@id\":\"https:\\\/\\\/www.orviken.se\\\/rosta-i-folkets-hus-11-9-22\\\/#breadcrumb\",\"itemListElement\":[{\"@type\":\"ListItem\",\"position\":1,\"name\":\"Hem\",\"item\":\"https:\\\/\\\/www.orviken.se\\\/\"},{\"@type\":\"ListItem\",\"position\":2,\"name\":\"R\u00f6sta i Folkets Hus 11\\\/9-22\"}]},{\"@type\":\"WebSite\",\"@id\":\"https:\\\/\\\/www.orviken.se\\\/#website\",\"url\":\"https:\\\/\\\/www.orviken.se\\\/\",\"name\":\"\u00d6rviken\",\"description\":\"Kustens p\u00e4rla\",\"publisher\":{\"@id\":\"https:\\\/\\\/www.orviken.se\\\/#organization\"},\"potentialAction\":[{\"@type\":\"SearchAction\",\"target\":{\"@type\":\"EntryPoint\",\"urlTemplate\":\"https:\\\/\\\/www.orviken.se\\\/?s={search_term_string}\"},\"query-input\":{\"@type\":\"PropertyValueSpecification\",\"valueRequired\":true,\"valueName\":\"search_term_string\"}}],\"inLanguage\":\"en-US\"},{\"@type\":\"Organization\",\"@id\":\"https:\\\/\\\/www.orviken.se\\\/#organization\",\"name\":\"\u00d6rvikens Byaf\u00f6rening\",\"url\":\"https:\\\/\\\/www.orviken.se\\\/\",\"logo\":{\"@type\":\"ImageObject\",\"inLanguage\":\"en-US\",\"@id\":\"https:\\\/\\\/www.orviken.se\\\/#\\\/schema\\\/logo\\\/image\\\/\",\"url\":\"https:\\\/\\\/i2.wp.com\\\/www.orviken.se\\\/wp-content\\\/uploads\\\/2021\\\/06\\\/O\u0308rviken-logga.jpg?fit=196%2C200&ssl=1\",\"contentUrl\":\"https:\\\/\\\/i2.wp.com\\\/www.orviken.se\\\/wp-content\\\/uploads\\\/2021\\\/06\\\/O\u0308rviken-logga.jpg?fit=196%2C200&ssl=1\",\"width\":196,\"height\":200,\"caption\":\"\u00d6rvikens Byaf\u00f6rening\"},\"image\":{\"@id\":\"https:\\\/\\\/www.orviken.se\\\/#\\\/schema\\\/logo\\\/image\\\/\"},\"sameAs\":[\"https:\\\/\\\/www.facebook.com\\\/groups\\\/orviken\\\/about\"]},{\"@type\":\"Person\",\"@id\":\"https:\\\/\\\/www.orviken.se\\\/#\\\/schema\\\/person\\\/aa1d3194c722fad8f7e54244f998ae3e\",\"name\":\"Jonathan Augustin\",\"sameAs\":[\"https:\\\/\\\/www.orviken.se\"],\"url\":\"https:\\\/\\\/www.orviken.se\\\/en\\\/author\\\/jonathan-augustin\\\/\"}]}<\/script>\n<!-- \/ Yoast SEO plugin. -->","yoast_head_json":{"title":"Vote in the House of Peoples 11\/9-22 - \u00d6rviken","description":"\u00d6rviken in Skellefte\u00e5 Municipality&#039;s official website - On election day, September 11, you can vote in the People&#039;s House premises.","robots":{"index":"index","follow":"follow","max-snippet":"max-snippet:-1","max-image-preview":"max-image-preview:large","max-video-preview":"max-video-preview:-1"},"canonical":"https:\/\/www.orviken.se\/en\/rosta-i-folkets-hus-11-9-22\/","og_locale":"en_US","og_type":"article","og_title":"R\u00f6sta i Folkets Hus 11\/9-22 - \u00d6rviken","og_description":"\u00d6rviken i Skellefte\u00e5 kommuns officiella webbsida - Valdagen den 11 september kan du r\u00f6sta i Folkets Hus lokaler","og_url":"https:\/\/www.orviken.se\/en\/rosta-i-folkets-hus-11-9-22\/","og_site_name":"\u00d6rviken","article_publisher":"https:\/\/www.facebook.com\/groups\/orviken\/about","article_published_time":"2022-08-29T18:23:25+00:00","article_modified_time":"2022-08-29T18:25:18+00:00","og_image":[{"width":2560,"height":1352,"url":"https:\/\/www.orviken.se\/wp-content\/uploads\/2021\/07\/Folkets-hus-redigerad-1-scaled.jpg","type":"image\/jpeg"}],"author":"Jonathan Augustin","twitter_card":"summary_large_image","twitter_misc":{"Written by":"Jonathan Augustin","Est. reading time":"1 minute"},"schema":{"@context":"https:\/\/schema.org","@graph":[{"@type":"Article","@id":"https:\/\/www.orviken.se\/rosta-i-folkets-hus-11-9-22\/#article","isPartOf":{"@id":"https:\/\/www.orviken.se\/rosta-i-folkets-hus-11-9-22\/"},"author":{"name":"Jonathan Augustin","@id":"https:\/\/www.orviken.se\/#\/schema\/person\/aa1d3194c722fad8f7e54244f998ae3e"},"headline":"R\u00f6sta i Folkets Hus 11\/9-22","datePublished":"2022-08-29T18:23:25+00:00","dateModified":"2022-08-29T18:25:18+00:00","mainEntityOfPage":{"@id":"https:\/\/www.orviken.se\/rosta-i-folkets-hus-11-9-22\/"},"wordCount":58,"publisher":{"@id":"https:\/\/www.orviken.se\/#organization"},"image":{"@id":"https:\/\/www.orviken.se\/rosta-i-folkets-hus-11-9-22\/#primaryimage"},"thumbnailUrl":"https:\/\/www.orviken.se\/wp-content\/uploads\/2021\/07\/Folkets-hus-redigerad-1-scaled.jpg","articleSection":["Aktuellt"],"inLanguage":"en-US"},{"@type":"WebPage","@id":"https:\/\/www.orviken.se\/rosta-i-folkets-hus-11-9-22\/","url":"https:\/\/www.orviken.se\/rosta-i-folkets-hus-11-9-22\/","name":"Vote in the House of Peoples 11\/9-22 - \u00d6rviken","isPartOf":{"@id":"https:\/\/www.orviken.se\/#website"},"primaryImageOfPage":{"@id":"https:\/\/www.orviken.se\/rosta-i-folkets-hus-11-9-22\/#primaryimage"},"image":{"@id":"https:\/\/www.orviken.se\/rosta-i-folkets-hus-11-9-22\/#primaryimage"},"thumbnailUrl":"https:\/\/www.orviken.se\/wp-content\/uploads\/2021\/07\/Folkets-hus-redigerad-1-scaled.jpg","datePublished":"2022-08-29T18:23:25+00:00","dateModified":"2022-08-29T18:25:18+00:00","description":"\u00d6rviken in Skellefte\u00e5 Municipality&#039;s official website - On election day, September 11, you can vote in the People&#039;s House premises.","breadcrumb":{"@id":"https:\/\/www.orviken.se\/rosta-i-folkets-hus-11-9-22\/#breadcrumb"},"inLanguage":"en-US","potentialAction":[{"@type":"ReadAction","target":["https:\/\/www.orviken.se\/rosta-i-folkets-hus-11-9-22\/"]}]},{"@type":"ImageObject","inLanguage":"en-US","@id":"https:\/\/www.orviken.se\/rosta-i-folkets-hus-11-9-22\/#primaryimage","url":"https:\/\/www.orviken.se\/wp-content\/uploads\/2021\/07\/Folkets-hus-redigerad-1-scaled.jpg","contentUrl":"https:\/\/www.orviken.se\/wp-content\/uploads\/2021\/07\/Folkets-hus-redigerad-1-scaled.jpg","width":2560,"height":1352},{"@type":"BreadcrumbList","@id":"https:\/\/www.orviken.se\/rosta-i-folkets-hus-11-9-22\/#breadcrumb","itemListElement":[{"@type":"ListItem","position":1,"name":"Hem","item":"https:\/\/www.orviken.se\/"},{"@type":"ListItem","position":2,"name":"R\u00f6sta i Folkets Hus 11\/9-22"}]},{"@type":"WebSite","@id":"https:\/\/www.orviken.se\/#website","url":"https:\/\/www.orviken.se\/","name":"\u00d6rviken","description":"The pearl of the coast","publisher":{"@id":"https:\/\/www.orviken.se\/#organization"},"potentialAction":[{"@type":"SearchAction","target":{"@type":"EntryPoint","urlTemplate":"https:\/\/www.orviken.se\/?s={search_term_string}"},"query-input":{"@type":"PropertyValueSpecification","valueRequired":true,"valueName":"search_term_string"}}],"inLanguage":"en-US"},{"@type":"Organization","@id":"https:\/\/www.orviken.se\/#organization","name":"\u00d6rviken Village Association","url":"https:\/\/www.orviken.se\/","logo":{"@type":"ImageObject","inLanguage":"en-US","@id":"https:\/\/www.orviken.se\/#\/schema\/logo\/image\/","url":"https:\/\/i2.wp.com\/www.orviken.se\/wp-content\/uploads\/2021\/06\/O\u0308rviken-logga.jpg?fit=196%2C200&ssl=1","contentUrl":"https:\/\/i2.wp.com\/www.orviken.se\/wp-content\/uploads\/2021\/06\/O\u0308rviken-logga.jpg?fit=196%2C200&ssl=1","width":196,"height":200,"caption":"\u00d6rvikens Byaf\u00f6rening"},"image":{"@id":"https:\/\/www.orviken.se\/#\/schema\/logo\/image\/"},"sameAs":["https:\/\/www.facebook.com\/groups\/orviken\/about"]},{"@type":"Person","@id":"https:\/\/www.orviken.se\/#\/schema\/person\/aa1d3194c722fad8f7e54244f998ae3e","name":"Jonathan Augustine","sameAs":["https:\/\/www.orviken.se"],"url":"https:\/\/www.orviken.se\/en\/author\/jonathan-augustin\/"}]}},"_links":{"self":[{"href":"https:\/\/www.orviken.se\/en\/wp-json\/wp\/v2\/posts\/1676","targetHints":{"allow":["GET"]}}],"collection":[{"href":"https:\/\/www.orviken.se\/en\/wp-json\/wp\/v2\/posts"}],"about":[{"href":"https:\/\/www.orviken.se\/en\/wp-json\/wp\/v2\/types\/post"}],"author":[{"embeddable":true,"href":"https:\/\/www.orviken.se\/en\/wp-json\/wp\/v2\/users\/1"}],"replies":[{"embeddable":true,"href":"https:\/\/www.orviken.se\/en\/wp-json\/wp\/v2\/comments?post=1676"}],"version-history":[{"count":1,"href":"https:\/\/www.orviken.se\/en\/wp-json\/wp\/v2\/posts\/1676\/revisions"}],"predecessor-version":[{"id":1677,"href":"https:\/\/www.orviken.se\/en\/wp-json\/wp\/v2\/posts\/1676\/revisions\/1677"}],"wp:featuredmedia":[{"embeddable":true,"href":"https:\/\/www.orviken.se\/en\/wp-json\/wp\/v2\/media\/555"}],"wp:attachment":[{"href":"https:\/\/www.orviken.se\/en\/wp-json\/wp\/v2\/media?parent=1676"}],"wp:term":[{"taxonomy":"category","embeddable":true,"href":"https:\/\/www.orviken.se\/en\/wp-json\/wp\/v2\/categories?post=1676"},{"taxonomy":"post_tag","embeddable":true,"href":"https:\/\/www.orviken.se\/en\/wp-json\/wp\/v2\/tags?post=1676"}],"curies":[{"name":"wp","href":"https:\/\/api.w.org\/{rel}","templated":true}]}}