{"id":1668,"date":"2022-07-21T23:22:49","date_gmt":"2022-07-21T21:22:49","guid":{"rendered":"https:\/\/www.orviken.se\/?p=1668"},"modified":"2022-07-21T23:26:42","modified_gmt":"2022-07-21T21:26:42","slug":"feriearbetare-2022","status":"publish","type":"post","link":"https:\/\/www.orviken.se\/en\/feriearbetare-2022\/","title":{"rendered":"Holiday workers 2022"},"content":{"rendered":"<p>During a few weeks of the summer, \u00d6rvikens Byaf\u00f6rening has had four very talented holiday workers!<br><br>Jesper, Johannes, Embla and Lars have, among other things, painted the carports at <a href=\"https:\/\/www.orviken.se\/en\/hockeyplanen\/\">the hockey field<\/a>, cleaned <a href=\"https:\/\/www.orviken.se\/en\/badplatserna\/\">the beach<\/a>, cleared sly and mowed grass at <a href=\"https:\/\/www.orviken.se\/en\/tennisplanen\/\">the tennis court<\/a>, <a href=\"https:\/\/www.orviken.se\/en\/lekparken\/\">the playground<\/a> and around <a href=\"https:\/\/www.orviken.se\/en\/folkets-hus\/\">The community House<\/a>. Also <a href=\"https:\/\/www.orviken.se\/en\/folkets-hus\/\">the community house<\/a> outhouse and railing have been painted. The holiday workers have cut grass and cleared the slush of the Village Association's lease at the piers and <a href=\"https:\/\/www.orviken.se\/en\/boulebanan\/\">the boule court<\/a>. Indoors the whole <a href=\"https:\/\/www.orviken.se\/en\/folkets-hus\/\">community house<\/a> got its windows dried, porcelain washed and more.<\/p>\n\n\n\n<figure class=\"wp-block-gallery has-nested-images columns-2 is-cropped wp-block-gallery-1 is-layout-flex wp-block-gallery-is-layout-flex\">\n<figure class=\"wp-block-image size-full\"><a href=\"https:\/\/www.orviken.se\/wp-content\/uploads\/2022\/07\/Feriearbetarna-2.png\"><img loading=\"lazy\" decoding=\"async\" width=\"1197\" height=\"779\" data-id=\"1669\" src=\"https:\/\/www.orviken.se\/wp-content\/uploads\/2022\/07\/Feriearbetarna-2.png\" alt=\"\" class=\"wp-image-1669\" srcset=\"https:\/\/www.orviken.se\/wp-content\/uploads\/2022\/07\/Feriearbetarna-2.png 1197w, https:\/\/www.orviken.se\/wp-content\/uploads\/2022\/07\/Feriearbetarna-2-300x195.png 300w, https:\/\/www.orviken.se\/wp-content\/uploads\/2022\/07\/Feriearbetarna-2-1024x666.png 1024w, https:\/\/www.orviken.se\/wp-content\/uploads\/2022\/07\/Feriearbetarna-2-768x500.png 768w, https:\/\/www.orviken.se\/wp-content\/uploads\/2022\/07\/Feriearbetarna-2-320x208.png 320w, https:\/\/www.orviken.se\/wp-content\/uploads\/2022\/07\/Feriearbetarna-2-640x417.png 640w, https:\/\/www.orviken.se\/wp-content\/uploads\/2022\/07\/Feriearbetarna-2-360x234.png 360w, https:\/\/www.orviken.se\/wp-content\/uploads\/2022\/07\/Feriearbetarna-2-720x469.png 720w, https:\/\/www.orviken.se\/wp-content\/uploads\/2022\/07\/Feriearbetarna-2-1080x703.png 1080w, https:\/\/www.orviken.se\/wp-content\/uploads\/2022\/07\/Feriearbetarna-2-800x521.png 800w\" sizes=\"auto, (max-width: 1197px) 100vw, 1197px\" \/><\/a><\/figure>\n\n\n\n<figure class=\"wp-block-image size-full\"><a href=\"https:\/\/www.orviken.se\/wp-content\/uploads\/2022\/07\/Feriearbetarna.png\"><img loading=\"lazy\" decoding=\"async\" width=\"1170\" height=\"847\" data-id=\"1670\" src=\"https:\/\/www.orviken.se\/wp-content\/uploads\/2022\/07\/Feriearbetarna.png\" alt=\"\" class=\"wp-image-1670\" srcset=\"https:\/\/www.orviken.se\/wp-content\/uploads\/2022\/07\/Feriearbetarna.png 1170w, https:\/\/www.orviken.se\/wp-content\/uploads\/2022\/07\/Feriearbetarna-300x217.png 300w, https:\/\/www.orviken.se\/wp-content\/uploads\/2022\/07\/Feriearbetarna-1024x741.png 1024w, https:\/\/www.orviken.se\/wp-content\/uploads\/2022\/07\/Feriearbetarna-768x556.png 768w, https:\/\/www.orviken.se\/wp-content\/uploads\/2022\/07\/Feriearbetarna-320x232.png 320w, https:\/\/www.orviken.se\/wp-content\/uploads\/2022\/07\/Feriearbetarna-640x463.png 640w, https:\/\/www.orviken.se\/wp-content\/uploads\/2022\/07\/Feriearbetarna-360x261.png 360w, https:\/\/www.orviken.se\/wp-content\/uploads\/2022\/07\/Feriearbetarna-720x521.png 720w, https:\/\/www.orviken.se\/wp-content\/uploads\/2022\/07\/Feriearbetarna-1080x782.png 1080w, https:\/\/www.orviken.se\/wp-content\/uploads\/2022\/07\/Feriearbetarna-800x579.png 800w\" sizes=\"auto, (max-width: 1170px) 100vw, 1170px\" \/><\/a><\/figure>\n<\/figure>","protected":false},"excerpt":{"rendered":"<p>Read more about what \u00d6rviken&#039;s holiday workers 2022 have been working on in the village!<\/p>","protected":false},"author":1,"featured_media":1669,"comment_status":"closed","ping_status":"open","sticky":false,"template":"","format":"standard","meta":{"inline_featured_image":false,"footnotes":""},"categories":[6],"tags":[],"class_list":["post-1668","post","type-post","status-publish","format-standard","has-post-thumbnail","hentry","category-aktuellt"],"yoast_head":"<!-- This site is optimized with the Yoast SEO plugin v27.4 - https:\/\/yoast.com\/product\/yoast-seo-wordpress\/ -->\n<title>Feriearbetarna 2022 - \u00d6rviken<\/title>\n<meta name=\"description\" content=\"\u00d6rviken i Skellefte\u00e5 kommuns officiella webbsida - Feriearbetarna 2022 har bland annat st\u00e4dat badstranden och m\u00e5lat r\u00e4cket p\u00e5 Folkets Hus\" \/>\n<meta name=\"robots\" content=\"index, follow, max-snippet:-1, max-image-preview:large, max-video-preview:-1\" \/>\n<link rel=\"canonical\" href=\"https:\/\/www.orviken.se\/en\/feriearbetare-2022\/\" \/>\n<meta property=\"og:locale\" content=\"en_US\" \/>\n<meta property=\"og:type\" content=\"article\" \/>\n<meta property=\"og:title\" content=\"Feriearbetarna 2022 - \u00d6rviken\" \/>\n<meta property=\"og:description\" content=\"\u00d6rviken i Skellefte\u00e5 kommuns officiella webbsida - Feriearbetarna 2022 har bland annat st\u00e4dat badstranden och m\u00e5lat r\u00e4cket p\u00e5 Folkets Hus\" \/>\n<meta property=\"og:url\" content=\"https:\/\/www.orviken.se\/en\/feriearbetare-2022\/\" \/>\n<meta property=\"og:site_name\" content=\"\u00d6rviken\" \/>\n<meta property=\"article:publisher\" content=\"https:\/\/www.facebook.com\/groups\/orviken\/about\" \/>\n<meta property=\"article:published_time\" content=\"2022-07-21T21:22:49+00:00\" \/>\n<meta property=\"article:modified_time\" content=\"2022-07-21T21:26:42+00:00\" \/>\n<meta property=\"og:image\" content=\"https:\/\/www.orviken.se\/wp-content\/uploads\/2022\/07\/Feriearbetarna-2.png\" \/>\n\t<meta property=\"og:image:width\" content=\"1197\" \/>\n\t<meta property=\"og:image:height\" content=\"779\" \/>\n\t<meta property=\"og:image:type\" content=\"image\/png\" \/>\n<meta name=\"author\" content=\"Jonathan Augustin\" \/>\n<meta name=\"twitter:card\" content=\"summary_large_image\" \/>\n<meta name=\"twitter:label1\" content=\"Written by\" \/>\n\t<meta name=\"twitter:data1\" content=\"Jonathan Augustin\" \/>\n\t<meta name=\"twitter:label2\" content=\"Est. reading time\" \/>\n\t<meta name=\"twitter:data2\" content=\"1 minute\" \/>\n<script type=\"application\/ld+json\" class=\"yoast-schema-graph\">{\"@context\":\"https:\\\/\\\/schema.org\",\"@graph\":[{\"@type\":\"Article\",\"@id\":\"https:\\\/\\\/www.orviken.se\\\/feriearbetare-2022\\\/#article\",\"isPartOf\":{\"@id\":\"https:\\\/\\\/www.orviken.se\\\/feriearbetare-2022\\\/\"},\"author\":{\"name\":\"Jonathan Augustin\",\"@id\":\"https:\\\/\\\/www.orviken.se\\\/#\\\/schema\\\/person\\\/aa1d3194c722fad8f7e54244f998ae3e\"},\"headline\":\"Feriearbetarna 2022\",\"datePublished\":\"2022-07-21T21:22:49+00:00\",\"dateModified\":\"2022-07-21T21:26:42+00:00\",\"mainEntityOfPage\":{\"@id\":\"https:\\\/\\\/www.orviken.se\\\/feriearbetare-2022\\\/\"},\"wordCount\":81,\"publisher\":{\"@id\":\"https:\\\/\\\/www.orviken.se\\\/#organization\"},\"image\":{\"@id\":\"https:\\\/\\\/www.orviken.se\\\/feriearbetare-2022\\\/#primaryimage\"},\"thumbnailUrl\":\"https:\\\/\\\/www.orviken.se\\\/wp-content\\\/uploads\\\/2022\\\/07\\\/Feriearbetarna-2.png\",\"articleSection\":[\"Aktuellt\"],\"inLanguage\":\"en-US\"},{\"@type\":\"WebPage\",\"@id\":\"https:\\\/\\\/www.orviken.se\\\/feriearbetare-2022\\\/\",\"url\":\"https:\\\/\\\/www.orviken.se\\\/feriearbetare-2022\\\/\",\"name\":\"Feriearbetarna 2022 - \u00d6rviken\",\"isPartOf\":{\"@id\":\"https:\\\/\\\/www.orviken.se\\\/#website\"},\"primaryImageOfPage\":{\"@id\":\"https:\\\/\\\/www.orviken.se\\\/feriearbetare-2022\\\/#primaryimage\"},\"image\":{\"@id\":\"https:\\\/\\\/www.orviken.se\\\/feriearbetare-2022\\\/#primaryimage\"},\"thumbnailUrl\":\"https:\\\/\\\/www.orviken.se\\\/wp-content\\\/uploads\\\/2022\\\/07\\\/Feriearbetarna-2.png\",\"datePublished\":\"2022-07-21T21:22:49+00:00\",\"dateModified\":\"2022-07-21T21:26:42+00:00\",\"description\":\"\u00d6rviken i Skellefte\u00e5 kommuns officiella webbsida - Feriearbetarna 2022 har bland annat st\u00e4dat badstranden och m\u00e5lat r\u00e4cket p\u00e5 Folkets Hus\",\"breadcrumb\":{\"@id\":\"https:\\\/\\\/www.orviken.se\\\/feriearbetare-2022\\\/#breadcrumb\"},\"inLanguage\":\"en-US\",\"potentialAction\":[{\"@type\":\"ReadAction\",\"target\":[\"https:\\\/\\\/www.orviken.se\\\/feriearbetare-2022\\\/\"]}]},{\"@type\":\"ImageObject\",\"inLanguage\":\"en-US\",\"@id\":\"https:\\\/\\\/www.orviken.se\\\/feriearbetare-2022\\\/#primaryimage\",\"url\":\"https:\\\/\\\/www.orviken.se\\\/wp-content\\\/uploads\\\/2022\\\/07\\\/Feriearbetarna-2.png\",\"contentUrl\":\"https:\\\/\\\/www.orviken.se\\\/wp-content\\\/uploads\\\/2022\\\/07\\\/Feriearbetarna-2.png\",\"width\":1197,\"height\":779},{\"@type\":\"BreadcrumbList\",\"@id\":\"https:\\\/\\\/www.orviken.se\\\/feriearbetare-2022\\\/#breadcrumb\",\"itemListElement\":[{\"@type\":\"ListItem\",\"position\":1,\"name\":\"Hem\",\"item\":\"https:\\\/\\\/www.orviken.se\\\/\"},{\"@type\":\"ListItem\",\"position\":2,\"name\":\"Feriearbetarna 2022\"}]},{\"@type\":\"WebSite\",\"@id\":\"https:\\\/\\\/www.orviken.se\\\/#website\",\"url\":\"https:\\\/\\\/www.orviken.se\\\/\",\"name\":\"\u00d6rviken\",\"description\":\"Kustens p\u00e4rla\",\"publisher\":{\"@id\":\"https:\\\/\\\/www.orviken.se\\\/#organization\"},\"potentialAction\":[{\"@type\":\"SearchAction\",\"target\":{\"@type\":\"EntryPoint\",\"urlTemplate\":\"https:\\\/\\\/www.orviken.se\\\/?s={search_term_string}\"},\"query-input\":{\"@type\":\"PropertyValueSpecification\",\"valueRequired\":true,\"valueName\":\"search_term_string\"}}],\"inLanguage\":\"en-US\"},{\"@type\":\"Organization\",\"@id\":\"https:\\\/\\\/www.orviken.se\\\/#organization\",\"name\":\"\u00d6rvikens Byaf\u00f6rening\",\"url\":\"https:\\\/\\\/www.orviken.se\\\/\",\"logo\":{\"@type\":\"ImageObject\",\"inLanguage\":\"en-US\",\"@id\":\"https:\\\/\\\/www.orviken.se\\\/#\\\/schema\\\/logo\\\/image\\\/\",\"url\":\"https:\\\/\\\/i2.wp.com\\\/www.orviken.se\\\/wp-content\\\/uploads\\\/2021\\\/06\\\/O\u0308rviken-logga.jpg?fit=196%2C200&ssl=1\",\"contentUrl\":\"https:\\\/\\\/i2.wp.com\\\/www.orviken.se\\\/wp-content\\\/uploads\\\/2021\\\/06\\\/O\u0308rviken-logga.jpg?fit=196%2C200&ssl=1\",\"width\":196,\"height\":200,\"caption\":\"\u00d6rvikens Byaf\u00f6rening\"},\"image\":{\"@id\":\"https:\\\/\\\/www.orviken.se\\\/#\\\/schema\\\/logo\\\/image\\\/\"},\"sameAs\":[\"https:\\\/\\\/www.facebook.com\\\/groups\\\/orviken\\\/about\"]},{\"@type\":\"Person\",\"@id\":\"https:\\\/\\\/www.orviken.se\\\/#\\\/schema\\\/person\\\/aa1d3194c722fad8f7e54244f998ae3e\",\"name\":\"Jonathan Augustin\",\"sameAs\":[\"https:\\\/\\\/www.orviken.se\"],\"url\":\"https:\\\/\\\/www.orviken.se\\\/en\\\/author\\\/jonathan-augustin\\\/\"}]}<\/script>\n<!-- \/ Yoast SEO plugin. -->","yoast_head_json":{"title":"Holiday Workers 2022 - \u00d6rviken","description":"\u00d6rviken in Skellefte\u00e5 Municipality&#039;s official website - Holiday workers 2022 have, among other things, cleaned the beach and painted the railing at Folkets Hus","robots":{"index":"index","follow":"follow","max-snippet":"max-snippet:-1","max-image-preview":"max-image-preview:large","max-video-preview":"max-video-preview:-1"},"canonical":"https:\/\/www.orviken.se\/en\/feriearbetare-2022\/","og_locale":"en_US","og_type":"article","og_title":"Feriearbetarna 2022 - \u00d6rviken","og_description":"\u00d6rviken i Skellefte\u00e5 kommuns officiella webbsida - Feriearbetarna 2022 har bland annat st\u00e4dat badstranden och m\u00e5lat r\u00e4cket p\u00e5 Folkets Hus","og_url":"https:\/\/www.orviken.se\/en\/feriearbetare-2022\/","og_site_name":"\u00d6rviken","article_publisher":"https:\/\/www.facebook.com\/groups\/orviken\/about","article_published_time":"2022-07-21T21:22:49+00:00","article_modified_time":"2022-07-21T21:26:42+00:00","og_image":[{"width":1197,"height":779,"url":"https:\/\/www.orviken.se\/wp-content\/uploads\/2022\/07\/Feriearbetarna-2.png","type":"image\/png"}],"author":"Jonathan Augustin","twitter_card":"summary_large_image","twitter_misc":{"Written by":"Jonathan Augustin","Est. reading time":"1 minute"},"schema":{"@context":"https:\/\/schema.org","@graph":[{"@type":"Article","@id":"https:\/\/www.orviken.se\/feriearbetare-2022\/#article","isPartOf":{"@id":"https:\/\/www.orviken.se\/feriearbetare-2022\/"},"author":{"name":"Jonathan Augustin","@id":"https:\/\/www.orviken.se\/#\/schema\/person\/aa1d3194c722fad8f7e54244f998ae3e"},"headline":"Feriearbetarna 2022","datePublished":"2022-07-21T21:22:49+00:00","dateModified":"2022-07-21T21:26:42+00:00","mainEntityOfPage":{"@id":"https:\/\/www.orviken.se\/feriearbetare-2022\/"},"wordCount":81,"publisher":{"@id":"https:\/\/www.orviken.se\/#organization"},"image":{"@id":"https:\/\/www.orviken.se\/feriearbetare-2022\/#primaryimage"},"thumbnailUrl":"https:\/\/www.orviken.se\/wp-content\/uploads\/2022\/07\/Feriearbetarna-2.png","articleSection":["Aktuellt"],"inLanguage":"en-US"},{"@type":"WebPage","@id":"https:\/\/www.orviken.se\/feriearbetare-2022\/","url":"https:\/\/www.orviken.se\/feriearbetare-2022\/","name":"Holiday Workers 2022 - \u00d6rviken","isPartOf":{"@id":"https:\/\/www.orviken.se\/#website"},"primaryImageOfPage":{"@id":"https:\/\/www.orviken.se\/feriearbetare-2022\/#primaryimage"},"image":{"@id":"https:\/\/www.orviken.se\/feriearbetare-2022\/#primaryimage"},"thumbnailUrl":"https:\/\/www.orviken.se\/wp-content\/uploads\/2022\/07\/Feriearbetarna-2.png","datePublished":"2022-07-21T21:22:49+00:00","dateModified":"2022-07-21T21:26:42+00:00","description":"\u00d6rviken in Skellefte\u00e5 Municipality&#039;s official website - Holiday workers 2022 have, among other things, cleaned the beach and painted the railing at Folkets Hus","breadcrumb":{"@id":"https:\/\/www.orviken.se\/feriearbetare-2022\/#breadcrumb"},"inLanguage":"en-US","potentialAction":[{"@type":"ReadAction","target":["https:\/\/www.orviken.se\/feriearbetare-2022\/"]}]},{"@type":"ImageObject","inLanguage":"en-US","@id":"https:\/\/www.orviken.se\/feriearbetare-2022\/#primaryimage","url":"https:\/\/www.orviken.se\/wp-content\/uploads\/2022\/07\/Feriearbetarna-2.png","contentUrl":"https:\/\/www.orviken.se\/wp-content\/uploads\/2022\/07\/Feriearbetarna-2.png","width":1197,"height":779},{"@type":"BreadcrumbList","@id":"https:\/\/www.orviken.se\/feriearbetare-2022\/#breadcrumb","itemListElement":[{"@type":"ListItem","position":1,"name":"Hem","item":"https:\/\/www.orviken.se\/"},{"@type":"ListItem","position":2,"name":"Feriearbetarna 2022"}]},{"@type":"WebSite","@id":"https:\/\/www.orviken.se\/#website","url":"https:\/\/www.orviken.se\/","name":"\u00d6rviken","description":"The pearl of the coast","publisher":{"@id":"https:\/\/www.orviken.se\/#organization"},"potentialAction":[{"@type":"SearchAction","target":{"@type":"EntryPoint","urlTemplate":"https:\/\/www.orviken.se\/?s={search_term_string}"},"query-input":{"@type":"PropertyValueSpecification","valueRequired":true,"valueName":"search_term_string"}}],"inLanguage":"en-US"},{"@type":"Organization","@id":"https:\/\/www.orviken.se\/#organization","name":"\u00d6rviken Village Association","url":"https:\/\/www.orviken.se\/","logo":{"@type":"ImageObject","inLanguage":"en-US","@id":"https:\/\/www.orviken.se\/#\/schema\/logo\/image\/","url":"https:\/\/i2.wp.com\/www.orviken.se\/wp-content\/uploads\/2021\/06\/O\u0308rviken-logga.jpg?fit=196%2C200&ssl=1","contentUrl":"https:\/\/i2.wp.com\/www.orviken.se\/wp-content\/uploads\/2021\/06\/O\u0308rviken-logga.jpg?fit=196%2C200&ssl=1","width":196,"height":200,"caption":"\u00d6rvikens Byaf\u00f6rening"},"image":{"@id":"https:\/\/www.orviken.se\/#\/schema\/logo\/image\/"},"sameAs":["https:\/\/www.facebook.com\/groups\/orviken\/about"]},{"@type":"Person","@id":"https:\/\/www.orviken.se\/#\/schema\/person\/aa1d3194c722fad8f7e54244f998ae3e","name":"Jonathan Augustine","sameAs":["https:\/\/www.orviken.se"],"url":"https:\/\/www.orviken.se\/en\/author\/jonathan-augustin\/"}]}},"_links":{"self":[{"href":"https:\/\/www.orviken.se\/en\/wp-json\/wp\/v2\/posts\/1668","targetHints":{"allow":["GET"]}}],"collection":[{"href":"https:\/\/www.orviken.se\/en\/wp-json\/wp\/v2\/posts"}],"about":[{"href":"https:\/\/www.orviken.se\/en\/wp-json\/wp\/v2\/types\/post"}],"author":[{"embeddable":true,"href":"https:\/\/www.orviken.se\/en\/wp-json\/wp\/v2\/users\/1"}],"replies":[{"embeddable":true,"href":"https:\/\/www.orviken.se\/en\/wp-json\/wp\/v2\/comments?post=1668"}],"version-history":[{"count":3,"href":"https:\/\/www.orviken.se\/en\/wp-json\/wp\/v2\/posts\/1668\/revisions"}],"predecessor-version":[{"id":1673,"href":"https:\/\/www.orviken.se\/en\/wp-json\/wp\/v2\/posts\/1668\/revisions\/1673"}],"wp:featuredmedia":[{"embeddable":true,"href":"https:\/\/www.orviken.se\/en\/wp-json\/wp\/v2\/media\/1669"}],"wp:attachment":[{"href":"https:\/\/www.orviken.se\/en\/wp-json\/wp\/v2\/media?parent=1668"}],"wp:term":[{"taxonomy":"category","embeddable":true,"href":"https:\/\/www.orviken.se\/en\/wp-json\/wp\/v2\/categories?post=1668"},{"taxonomy":"post_tag","embeddable":true,"href":"https:\/\/www.orviken.se\/en\/wp-json\/wp\/v2\/tags?post=1668"}],"curies":[{"name":"wp","href":"https:\/\/api.w.org\/{rel}","templated":true}]}}