{"id":1180,"date":"2021-12-15T18:52:26","date_gmt":"2021-12-15T17:52:26","guid":{"rendered":"https:\/\/www.orviken.se\/?p=1180"},"modified":"2021-12-15T18:55:56","modified_gmt":"2021-12-15T17:55:56","slug":"skidspar-draget","status":"publish","type":"post","link":"https:\/\/www.orviken.se\/en\/skidspar-draget\/","title":{"rendered":"Ski track drawn"},"content":{"rendered":"<p>Now it has <a href=\"https:\/\/www.orviken.se\/en\/skidsparen\/\">the cross-country ski trail<\/a> in \u00d6rvikens forest has been drawn up for the first time this year!<br><br>&quot;Now there are ski tracks. Be careful as there may be some stones sticking up here and there. With the fact that we have now drawn up the track, we wish that those of you who follow the track choose a different path.&quot;<br>With kind regards \/ The Track Keepers<\/p>\n\n\n\n<figure class=\"wp-block-gallery columns-2 is-cropped wp-block-gallery-1 is-layout-flex wp-block-gallery-is-layout-flex\"><ul class=\"blocks-gallery-grid\"><li class=\"blocks-gallery-item\"><figure><a href=\"https:\/\/www.orviken.se\/wp-content\/uploads\/2021\/07\/Skidspa\u030aret.jpg\"><img loading=\"lazy\" decoding=\"async\" width=\"640\" height=\"1316\" src=\"https:\/\/www.orviken.se\/wp-content\/uploads\/2021\/07\/Skidspa\u030aret.jpg\" alt=\"\" data-id=\"638\" data-full-url=\"https:\/\/www.orviken.se\/wp-content\/uploads\/2021\/07\/Skidspa\u030aret.jpg\" data-link=\"https:\/\/www.orviken.se\/skidsparen\/skidspa%cc%8aret\/\" class=\"wp-image-638\" srcset=\"https:\/\/www.orviken.se\/wp-content\/uploads\/2021\/07\/Skidspa\u030aret.jpg 640w, https:\/\/www.orviken.se\/wp-content\/uploads\/2021\/07\/Skidspa\u030aret-146x300.jpg 146w, https:\/\/www.orviken.se\/wp-content\/uploads\/2021\/07\/Skidspa\u030aret-498x1024.jpg 498w\" sizes=\"auto, (max-width: 640px) 100vw, 640px\" \/><\/a><\/figure><\/li><li class=\"blocks-gallery-item\"><figure><a href=\"https:\/\/www.orviken.se\/wp-content\/uploads\/2021\/07\/Johan-skidspa\u030ar.jpg\"><img loading=\"lazy\" decoding=\"async\" width=\"528\" height=\"960\" src=\"https:\/\/www.orviken.se\/wp-content\/uploads\/2021\/07\/Johan-skidspa\u030ar.jpg\" alt=\"\" data-id=\"637\" data-full-url=\"https:\/\/www.orviken.se\/wp-content\/uploads\/2021\/07\/Johan-skidspa\u030ar.jpg\" data-link=\"https:\/\/www.orviken.se\/skidsparen\/johan-skidspa%cc%8ar\/\" class=\"wp-image-637\" srcset=\"https:\/\/www.orviken.se\/wp-content\/uploads\/2021\/07\/Johan-skidspa\u030ar.jpg 528w, https:\/\/www.orviken.se\/wp-content\/uploads\/2021\/07\/Johan-skidspa\u030ar-165x300.jpg 165w\" sizes=\"auto, (max-width: 528px) 100vw, 528px\" \/><\/a><\/figure><\/li><\/ul><figcaption class=\"blocks-gallery-caption\">Pictures not from this year&#039;s tracks<\/figcaption><\/figure>","protected":false},"excerpt":{"rendered":"<p>Now you can ski in the winter of 2021 in \u00d6rviken's forest!<\/p>","protected":false},"author":1,"featured_media":636,"comment_status":"closed","ping_status":"open","sticky":false,"template":"","format":"standard","meta":{"inline_featured_image":false,"footnotes":""},"categories":[6],"tags":[],"class_list":["post-1180","post","type-post","status-publish","format-standard","has-post-thumbnail","hentry","category-aktuellt"],"yoast_head":"<!-- This site is optimized with the Yoast SEO plugin v27.4 - https:\/\/yoast.com\/product\/yoast-seo-wordpress\/ -->\n<title>Skidsp\u00e5r draget - \u00d6rviken<\/title>\n<meta name=\"description\" content=\"\u00d6rviken i Skellefte\u00e5 kommuns officiella webbsida - Nu kan du \u00e5ka l\u00e4ngdskidor vintern 2021 i \u00d6rvikens skog!\" \/>\n<meta name=\"robots\" content=\"index, follow, max-snippet:-1, max-image-preview:large, max-video-preview:-1\" \/>\n<link rel=\"canonical\" href=\"https:\/\/www.orviken.se\/en\/skidspar-draget\/\" \/>\n<meta property=\"og:locale\" content=\"en_US\" \/>\n<meta property=\"og:type\" content=\"article\" \/>\n<meta property=\"og:title\" content=\"Skidsp\u00e5r draget - \u00d6rviken\" \/>\n<meta property=\"og:description\" content=\"\u00d6rviken i Skellefte\u00e5 kommuns officiella webbsida - Nu kan du \u00e5ka l\u00e4ngdskidor vintern 2021 i \u00d6rvikens skog!\" \/>\n<meta property=\"og:url\" content=\"https:\/\/www.orviken.se\/en\/skidspar-draget\/\" \/>\n<meta property=\"og:site_name\" content=\"\u00d6rviken\" \/>\n<meta property=\"article:publisher\" content=\"https:\/\/www.facebook.com\/groups\/orviken\/about\" \/>\n<meta property=\"article:published_time\" content=\"2021-12-15T17:52:26+00:00\" \/>\n<meta property=\"article:modified_time\" content=\"2021-12-15T17:55:56+00:00\" \/>\n<meta property=\"og:image\" content=\"https:\/\/www.orviken.se\/wp-content\/uploads\/2021\/07\/Mattias-skidor-scaled.jpeg\" \/>\n\t<meta property=\"og:image:width\" content=\"2560\" \/>\n\t<meta property=\"og:image:height\" content=\"1707\" \/>\n\t<meta property=\"og:image:type\" content=\"image\/jpeg\" \/>\n<meta name=\"author\" content=\"Jonathan Augustin\" \/>\n<meta name=\"twitter:card\" content=\"summary_large_image\" \/>\n<meta name=\"twitter:label1\" content=\"Written by\" \/>\n\t<meta name=\"twitter:data1\" content=\"Jonathan Augustin\" \/>\n\t<meta name=\"twitter:label2\" content=\"Est. reading time\" \/>\n\t<meta name=\"twitter:data2\" content=\"1 minute\" \/>\n<script type=\"application\/ld+json\" class=\"yoast-schema-graph\">{\"@context\":\"https:\\\/\\\/schema.org\",\"@graph\":[{\"@type\":\"Article\",\"@id\":\"https:\\\/\\\/www.orviken.se\\\/skidspar-draget\\\/#article\",\"isPartOf\":{\"@id\":\"https:\\\/\\\/www.orviken.se\\\/skidspar-draget\\\/\"},\"author\":{\"name\":\"Jonathan Augustin\",\"@id\":\"https:\\\/\\\/www.orviken.se\\\/#\\\/schema\\\/person\\\/aa1d3194c722fad8f7e54244f998ae3e\"},\"headline\":\"Skidsp\u00e5r draget\",\"datePublished\":\"2021-12-15T17:52:26+00:00\",\"dateModified\":\"2021-12-15T17:55:56+00:00\",\"mainEntityOfPage\":{\"@id\":\"https:\\\/\\\/www.orviken.se\\\/skidspar-draget\\\/\"},\"wordCount\":85,\"publisher\":{\"@id\":\"https:\\\/\\\/www.orviken.se\\\/#organization\"},\"image\":{\"@id\":\"https:\\\/\\\/www.orviken.se\\\/skidspar-draget\\\/#primaryimage\"},\"thumbnailUrl\":\"https:\\\/\\\/www.orviken.se\\\/wp-content\\\/uploads\\\/2021\\\/07\\\/Mattias-skidor-scaled.jpeg\",\"articleSection\":[\"Aktuellt\"],\"inLanguage\":\"en-US\"},{\"@type\":\"WebPage\",\"@id\":\"https:\\\/\\\/www.orviken.se\\\/skidspar-draget\\\/\",\"url\":\"https:\\\/\\\/www.orviken.se\\\/skidspar-draget\\\/\",\"name\":\"Skidsp\u00e5r draget - \u00d6rviken\",\"isPartOf\":{\"@id\":\"https:\\\/\\\/www.orviken.se\\\/#website\"},\"primaryImageOfPage\":{\"@id\":\"https:\\\/\\\/www.orviken.se\\\/skidspar-draget\\\/#primaryimage\"},\"image\":{\"@id\":\"https:\\\/\\\/www.orviken.se\\\/skidspar-draget\\\/#primaryimage\"},\"thumbnailUrl\":\"https:\\\/\\\/www.orviken.se\\\/wp-content\\\/uploads\\\/2021\\\/07\\\/Mattias-skidor-scaled.jpeg\",\"datePublished\":\"2021-12-15T17:52:26+00:00\",\"dateModified\":\"2021-12-15T17:55:56+00:00\",\"description\":\"\u00d6rviken i Skellefte\u00e5 kommuns officiella webbsida - Nu kan du \u00e5ka l\u00e4ngdskidor vintern 2021 i \u00d6rvikens skog!\",\"breadcrumb\":{\"@id\":\"https:\\\/\\\/www.orviken.se\\\/skidspar-draget\\\/#breadcrumb\"},\"inLanguage\":\"en-US\",\"potentialAction\":[{\"@type\":\"ReadAction\",\"target\":[\"https:\\\/\\\/www.orviken.se\\\/skidspar-draget\\\/\"]}]},{\"@type\":\"ImageObject\",\"inLanguage\":\"en-US\",\"@id\":\"https:\\\/\\\/www.orviken.se\\\/skidspar-draget\\\/#primaryimage\",\"url\":\"https:\\\/\\\/www.orviken.se\\\/wp-content\\\/uploads\\\/2021\\\/07\\\/Mattias-skidor-scaled.jpeg\",\"contentUrl\":\"https:\\\/\\\/www.orviken.se\\\/wp-content\\\/uploads\\\/2021\\\/07\\\/Mattias-skidor-scaled.jpeg\",\"width\":2560,\"height\":1707},{\"@type\":\"BreadcrumbList\",\"@id\":\"https:\\\/\\\/www.orviken.se\\\/skidspar-draget\\\/#breadcrumb\",\"itemListElement\":[{\"@type\":\"ListItem\",\"position\":1,\"name\":\"Hem\",\"item\":\"https:\\\/\\\/www.orviken.se\\\/\"},{\"@type\":\"ListItem\",\"position\":2,\"name\":\"Skidsp\u00e5r draget\"}]},{\"@type\":\"WebSite\",\"@id\":\"https:\\\/\\\/www.orviken.se\\\/#website\",\"url\":\"https:\\\/\\\/www.orviken.se\\\/\",\"name\":\"\u00d6rviken\",\"description\":\"Kustens p\u00e4rla\",\"publisher\":{\"@id\":\"https:\\\/\\\/www.orviken.se\\\/#organization\"},\"potentialAction\":[{\"@type\":\"SearchAction\",\"target\":{\"@type\":\"EntryPoint\",\"urlTemplate\":\"https:\\\/\\\/www.orviken.se\\\/?s={search_term_string}\"},\"query-input\":{\"@type\":\"PropertyValueSpecification\",\"valueRequired\":true,\"valueName\":\"search_term_string\"}}],\"inLanguage\":\"en-US\"},{\"@type\":\"Organization\",\"@id\":\"https:\\\/\\\/www.orviken.se\\\/#organization\",\"name\":\"\u00d6rvikens Byaf\u00f6rening\",\"url\":\"https:\\\/\\\/www.orviken.se\\\/\",\"logo\":{\"@type\":\"ImageObject\",\"inLanguage\":\"en-US\",\"@id\":\"https:\\\/\\\/www.orviken.se\\\/#\\\/schema\\\/logo\\\/image\\\/\",\"url\":\"https:\\\/\\\/i2.wp.com\\\/www.orviken.se\\\/wp-content\\\/uploads\\\/2021\\\/06\\\/O\u0308rviken-logga.jpg?fit=196%2C200&ssl=1\",\"contentUrl\":\"https:\\\/\\\/i2.wp.com\\\/www.orviken.se\\\/wp-content\\\/uploads\\\/2021\\\/06\\\/O\u0308rviken-logga.jpg?fit=196%2C200&ssl=1\",\"width\":196,\"height\":200,\"caption\":\"\u00d6rvikens Byaf\u00f6rening\"},\"image\":{\"@id\":\"https:\\\/\\\/www.orviken.se\\\/#\\\/schema\\\/logo\\\/image\\\/\"},\"sameAs\":[\"https:\\\/\\\/www.facebook.com\\\/groups\\\/orviken\\\/about\"]},{\"@type\":\"Person\",\"@id\":\"https:\\\/\\\/www.orviken.se\\\/#\\\/schema\\\/person\\\/aa1d3194c722fad8f7e54244f998ae3e\",\"name\":\"Jonathan Augustin\",\"sameAs\":[\"https:\\\/\\\/www.orviken.se\"],\"url\":\"https:\\\/\\\/www.orviken.se\\\/en\\\/author\\\/jonathan-augustin\\\/\"}]}<\/script>\n<!-- \/ Yoast SEO plugin. -->","yoast_head_json":{"title":"Ski trail drawn - \u00d6rviken","description":"\u00d6rviken in Skellefte\u00e5 Municipality&#039;s official website - Now you can go cross-country skiing in winter 2021 in \u00d6rviken&#039;s forest!","robots":{"index":"index","follow":"follow","max-snippet":"max-snippet:-1","max-image-preview":"max-image-preview:large","max-video-preview":"max-video-preview:-1"},"canonical":"https:\/\/www.orviken.se\/en\/skidspar-draget\/","og_locale":"en_US","og_type":"article","og_title":"Skidsp\u00e5r draget - \u00d6rviken","og_description":"\u00d6rviken i Skellefte\u00e5 kommuns officiella webbsida - Nu kan du \u00e5ka l\u00e4ngdskidor vintern 2021 i \u00d6rvikens skog!","og_url":"https:\/\/www.orviken.se\/en\/skidspar-draget\/","og_site_name":"\u00d6rviken","article_publisher":"https:\/\/www.facebook.com\/groups\/orviken\/about","article_published_time":"2021-12-15T17:52:26+00:00","article_modified_time":"2021-12-15T17:55:56+00:00","og_image":[{"width":2560,"height":1707,"url":"https:\/\/www.orviken.se\/wp-content\/uploads\/2021\/07\/Mattias-skidor-scaled.jpeg","type":"image\/jpeg"}],"author":"Jonathan Augustin","twitter_card":"summary_large_image","twitter_misc":{"Written by":"Jonathan Augustin","Est. reading time":"1 minute"},"schema":{"@context":"https:\/\/schema.org","@graph":[{"@type":"Article","@id":"https:\/\/www.orviken.se\/skidspar-draget\/#article","isPartOf":{"@id":"https:\/\/www.orviken.se\/skidspar-draget\/"},"author":{"name":"Jonathan Augustin","@id":"https:\/\/www.orviken.se\/#\/schema\/person\/aa1d3194c722fad8f7e54244f998ae3e"},"headline":"Skidsp\u00e5r draget","datePublished":"2021-12-15T17:52:26+00:00","dateModified":"2021-12-15T17:55:56+00:00","mainEntityOfPage":{"@id":"https:\/\/www.orviken.se\/skidspar-draget\/"},"wordCount":85,"publisher":{"@id":"https:\/\/www.orviken.se\/#organization"},"image":{"@id":"https:\/\/www.orviken.se\/skidspar-draget\/#primaryimage"},"thumbnailUrl":"https:\/\/www.orviken.se\/wp-content\/uploads\/2021\/07\/Mattias-skidor-scaled.jpeg","articleSection":["Aktuellt"],"inLanguage":"en-US"},{"@type":"WebPage","@id":"https:\/\/www.orviken.se\/skidspar-draget\/","url":"https:\/\/www.orviken.se\/skidspar-draget\/","name":"Ski trail drawn - \u00d6rviken","isPartOf":{"@id":"https:\/\/www.orviken.se\/#website"},"primaryImageOfPage":{"@id":"https:\/\/www.orviken.se\/skidspar-draget\/#primaryimage"},"image":{"@id":"https:\/\/www.orviken.se\/skidspar-draget\/#primaryimage"},"thumbnailUrl":"https:\/\/www.orviken.se\/wp-content\/uploads\/2021\/07\/Mattias-skidor-scaled.jpeg","datePublished":"2021-12-15T17:52:26+00:00","dateModified":"2021-12-15T17:55:56+00:00","description":"\u00d6rviken in Skellefte\u00e5 Municipality&#039;s official website - Now you can go cross-country skiing in winter 2021 in \u00d6rviken&#039;s forest!","breadcrumb":{"@id":"https:\/\/www.orviken.se\/skidspar-draget\/#breadcrumb"},"inLanguage":"en-US","potentialAction":[{"@type":"ReadAction","target":["https:\/\/www.orviken.se\/skidspar-draget\/"]}]},{"@type":"ImageObject","inLanguage":"en-US","@id":"https:\/\/www.orviken.se\/skidspar-draget\/#primaryimage","url":"https:\/\/www.orviken.se\/wp-content\/uploads\/2021\/07\/Mattias-skidor-scaled.jpeg","contentUrl":"https:\/\/www.orviken.se\/wp-content\/uploads\/2021\/07\/Mattias-skidor-scaled.jpeg","width":2560,"height":1707},{"@type":"BreadcrumbList","@id":"https:\/\/www.orviken.se\/skidspar-draget\/#breadcrumb","itemListElement":[{"@type":"ListItem","position":1,"name":"Hem","item":"https:\/\/www.orviken.se\/"},{"@type":"ListItem","position":2,"name":"Skidsp\u00e5r draget"}]},{"@type":"WebSite","@id":"https:\/\/www.orviken.se\/#website","url":"https:\/\/www.orviken.se\/","name":"\u00d6rviken","description":"The pearl of the coast","publisher":{"@id":"https:\/\/www.orviken.se\/#organization"},"potentialAction":[{"@type":"SearchAction","target":{"@type":"EntryPoint","urlTemplate":"https:\/\/www.orviken.se\/?s={search_term_string}"},"query-input":{"@type":"PropertyValueSpecification","valueRequired":true,"valueName":"search_term_string"}}],"inLanguage":"en-US"},{"@type":"Organization","@id":"https:\/\/www.orviken.se\/#organization","name":"\u00d6rviken Village Association","url":"https:\/\/www.orviken.se\/","logo":{"@type":"ImageObject","inLanguage":"en-US","@id":"https:\/\/www.orviken.se\/#\/schema\/logo\/image\/","url":"https:\/\/i2.wp.com\/www.orviken.se\/wp-content\/uploads\/2021\/06\/O\u0308rviken-logga.jpg?fit=196%2C200&ssl=1","contentUrl":"https:\/\/i2.wp.com\/www.orviken.se\/wp-content\/uploads\/2021\/06\/O\u0308rviken-logga.jpg?fit=196%2C200&ssl=1","width":196,"height":200,"caption":"\u00d6rvikens Byaf\u00f6rening"},"image":{"@id":"https:\/\/www.orviken.se\/#\/schema\/logo\/image\/"},"sameAs":["https:\/\/www.facebook.com\/groups\/orviken\/about"]},{"@type":"Person","@id":"https:\/\/www.orviken.se\/#\/schema\/person\/aa1d3194c722fad8f7e54244f998ae3e","name":"Jonathan Augustine","sameAs":["https:\/\/www.orviken.se"],"url":"https:\/\/www.orviken.se\/en\/author\/jonathan-augustin\/"}]}},"_links":{"self":[{"href":"https:\/\/www.orviken.se\/en\/wp-json\/wp\/v2\/posts\/1180","targetHints":{"allow":["GET"]}}],"collection":[{"href":"https:\/\/www.orviken.se\/en\/wp-json\/wp\/v2\/posts"}],"about":[{"href":"https:\/\/www.orviken.se\/en\/wp-json\/wp\/v2\/types\/post"}],"author":[{"embeddable":true,"href":"https:\/\/www.orviken.se\/en\/wp-json\/wp\/v2\/users\/1"}],"replies":[{"embeddable":true,"href":"https:\/\/www.orviken.se\/en\/wp-json\/wp\/v2\/comments?post=1180"}],"version-history":[{"count":3,"href":"https:\/\/www.orviken.se\/en\/wp-json\/wp\/v2\/posts\/1180\/revisions"}],"predecessor-version":[{"id":1183,"href":"https:\/\/www.orviken.se\/en\/wp-json\/wp\/v2\/posts\/1180\/revisions\/1183"}],"wp:featuredmedia":[{"embeddable":true,"href":"https:\/\/www.orviken.se\/en\/wp-json\/wp\/v2\/media\/636"}],"wp:attachment":[{"href":"https:\/\/www.orviken.se\/en\/wp-json\/wp\/v2\/media?parent=1180"}],"wp:term":[{"taxonomy":"category","embeddable":true,"href":"https:\/\/www.orviken.se\/en\/wp-json\/wp\/v2\/categories?post=1180"},{"taxonomy":"post_tag","embeddable":true,"href":"https:\/\/www.orviken.se\/en\/wp-json\/wp\/v2\/tags?post=1180"}],"curies":[{"name":"wp","href":"https:\/\/api.w.org\/{rel}","templated":true}]}}